{"id":20052,"date":"2018-04-20T11:19:37","date_gmt":"2018-04-20T16:19:37","guid":{"rendered":"https:\/\/emisora.univalle.edu.co\/?p=20052"},"modified":"2018-04-20T11:19:37","modified_gmt":"2018-04-20T16:19:37","slug":"pedagogia-lengua-y-literatura-en-viernes-de-letras","status":"publish","type":"post","link":"https:\/\/emisora.univalle.edu.co\/index.php\/pedagogia-lengua-y-literatura-en-viernes-de-letras\/","title":{"rendered":"Pedagog\u00eda, lengua y literatura en Viernes de Letras"},"content":{"rendered":"<p>Un conversatorio sobre pedagog\u00eda, lengua y literatura se realizar\u00e1 en el espacio de Viernes de Letras, organizado por la Escuela de Estudios Literarios de la Universidad del Valle.<\/p>\n<p>En esta actividad participar\u00e1n como invitados los docentes Fabio Jurado y Gloria Rinc\u00f3n, quienes conversar\u00e1n con los profesores Gustavo Arag\u00f3n y Mery Cruz. En esta ocasi\u00f3n, los invitados ser\u00e1n presentados por la estudiante de Licenciatura en Literatura Valentina Montes.<\/p>\n<p>El conversatorio se realizar\u00e1 este viernes 20 de abril de 2018, a las 6:00 p.m., en el Auditorio \u00c1ngel Zapata, Biblioteca Mario Carvajal, Campus Mel\u00e9ndez.<\/p>\n<p>Viernes de Letras es un programa permanente de la Escuela de Estudios Literarios, con el apoyo del \u00c1rea Cultural Divisi\u00f3n de Bibliotecas y de la Rector\u00eda.<\/p>\n<p><strong>Invitados<\/strong><\/p>\n<p><strong>Gloria Rinc\u00f3n.<\/strong>\u00a0Escritora, investigadora y profesora; doctora en Ciencias de la Educaci\u00f3n por la Universidad de Barcelona. Ha realizado diversas publicaciones sobre temas de lengua y pedagog\u00eda, entre ellas los art\u00edculos: \u00abEl trabajo por proyectos, la ense\u00f1anza y el aprendizaje del lenguaje\u00bb (1997) y \u00abLa lectura y la escritura: debates y alternativas\u00bb (1997). Tambi\u00e9n ha publicado varios libros, entre los que se destacan: \u00abEnse\u00f1ar a comprender textos en la universidad\u00bb (2005), \u00abLa did\u00e1ctica de la lengua materna: estado de la discusi\u00f3n en Colombia\u00bb (2005) y \u00ab\u00bfPara qu\u00e9 se lee y se escribe en la universidad colombiana? Un aporte a la consolidaci\u00f3n de la cultura acad\u00e9mica del pa\u00eds\u00bb (2013). Profesora jubilada de la Universidad del Valle.<\/p>\n<p><strong>Fabio Jurado.<\/strong>\u00a0Escritor, investigador y profesor. Doctor en Literatura por la Universidad Nacional Aut\u00f3noma de M\u00e9xico. Entre sus obras se destacan los ensayos: \u00abLos procesos de la escritura: hacia la producci\u00f3n interactiva de los sentidos\u00bb (1996), \u00abEl poder de la palabra o la palabra del poder en la escuela\u00bb (2006), \u00abPr\u00e1ctica pedag\u00f3gica y lengua escrita\u00bb (2013) y \u00abOralidad y escritura en la obra de Juan Rulfo\u00bb (2015); adem\u00e1s de los libros: \u00abInvestigaci\u00f3n, escritura y educaci\u00f3n: el lenguaje y la literatura en la transformaci\u00f3n de la escuela\u00bb (1994), \u00abPedro P\u00e1ramo de Juan Rulfo: murmullos, susurros y silencios\u00bb (2005) y \u00abLos procesos de la escritura: hacia la producci\u00f3n interactiva de los sentidos\u00bb (2014). Profesor jubilado de la Universidad Nacional de Colombia.<\/p>\n","protected":false},"excerpt":{"rendered":"<p>Un conversatorio sobre pedagog\u00eda, lengua y literatura se realizar\u00e1 en el espacio de Viernes de Letras, organizado por la Escuela de Estudios Literarios de la Universidad del Valle. En esta actividad participar\u00e1n como invitados los docentes Fabio Jurado y Gloria Rinc\u00f3n, quienes conversar\u00e1n con los profesores Gustavo Arag\u00f3n y Mery[&#8230;]<\/p>\n","protected":false},"author":1,"featured_media":20053,"comment_status":"open","ping_status":"open","sticky":false,"template":"","format":"standard","meta":{"footnotes":""},"categories":[4],"tags":[],"_links":{"self":[{"href":"https:\/\/emisora.univalle.edu.co\/index.php\/wp-json\/wp\/v2\/posts\/20052"}],"collection":[{"href":"https:\/\/emisora.univalle.edu.co\/index.php\/wp-json\/wp\/v2\/posts"}],"about":[{"href":"https:\/\/emisora.univalle.edu.co\/index.php\/wp-json\/wp\/v2\/types\/post"}],"author":[{"embeddable":true,"href":"https:\/\/emisora.univalle.edu.co\/index.php\/wp-json\/wp\/v2\/users\/1"}],"replies":[{"embeddable":true,"href":"https:\/\/emisora.univalle.edu.co\/index.php\/wp-json\/wp\/v2\/comments?post=20052"}],"version-history":[{"count":1,"href":"https:\/\/emisora.univalle.edu.co\/index.php\/wp-json\/wp\/v2\/posts\/20052\/revisions"}],"predecessor-version":[{"id":20054,"href":"https:\/\/emisora.univalle.edu.co\/index.php\/wp-json\/wp\/v2\/posts\/20052\/revisions\/20054"}],"wp:featuredmedia":[{"embeddable":true,"href":"https:\/\/emisora.univalle.edu.co\/index.php\/wp-json\/wp\/v2\/media\/20053"}],"wp:attachment":[{"href":"https:\/\/emisora.univalle.edu.co\/index.php\/wp-json\/wp\/v2\/media?parent=20052"}],"wp:term":[{"taxonomy":"category","embeddable":true,"href":"https:\/\/emisora.univalle.edu.co\/index.php\/wp-json\/wp\/v2\/categories?post=20052"},{"taxonomy":"post_tag","embeddable":true,"href":"https:\/\/emisora.univalle.edu.co\/index.php\/wp-json\/wp\/v2\/tags?post=20052"}],"curies":[{"name":"wp","href":"https:\/\/api.w.org\/{rel}","templated":true}]}}