{"id":20061,"date":"2018-04-24T11:40:46","date_gmt":"2018-04-24T16:40:46","guid":{"rendered":"https:\/\/emisora.univalle.edu.co\/?p=20061"},"modified":"2018-04-24T11:40:57","modified_gmt":"2018-04-24T16:40:57","slug":"periodistas-deben-unirse-por-la-gobernanza-ambiental","status":"publish","type":"post","link":"https:\/\/emisora.univalle.edu.co\/index.php\/periodistas-deben-unirse-por-la-gobernanza-ambiental\/","title":{"rendered":"Periodistas deben unirse por la gobernanza ambiental"},"content":{"rendered":"<p>Los periodistas deben trabajar unidos para luchar en contra de las personas o de las instituciones que contaminan destruyan al medio ambiente.<\/p>\n<p>Cuidar y preservar el medio ambiente es una responsabilidad social, de ello depende nuestra existencia y la de las nuevas generaciones. Y es una labor de todos los vallecaucanos defender y cuidar la gran biodiversidad que a\u00fan posee este departamento.<\/p>\n<p>Estas son algunas de las ideas que se presentaron en el Foro \u201cEl papel de los medios de comunicaci\u00f3n en el fortalecimiento de la gobernanza ambiental, que hizo parte del seminario \u201cGobernanza, ecosistemas y medio ambiente\u201d, organizado por el \u00c1rea de Gesti\u00f3n Ambiental de la Escuela de Ingenier\u00eda de los Recursos Naturales y del Ambiente de la Universidad del Valle.<\/p>\n<p>El evento se realiz\u00f3 del 18 al 20 de abril en el Campus de Mel\u00e9ndez y fue organizado por la Coordinadora del \u00c1rea de Gesti\u00f3n Ambiental Marcela Navarrete.<\/p>\n<p>Durante el Foro se defini\u00f3 la gobernanza ambiental como las instituciones, reglas y pr\u00e1cticas que enmarcan la gesti\u00f3n del ambiente en sus distintas modalidades: Conservaci\u00f3n, protecci\u00f3n y explotaci\u00f3n de recursos naturales, entre otras.<\/p>\n<p>En el Foro participaron los periodistas ambientales, Ang\u00e9lica Mar\u00eda Cuevas, investigadora Dejusticia, el director de Natural Press Alberto Casta\u00f1o y a la directora de Blu Verde de Blu Radio Mar\u00eda Lourdes Zimmermann. Como moderador estuvo presente el director de la Direcci\u00f3n de Comunicaci\u00f3n universitarias de la Universidad del Valle Ernesto Piedrahita.<\/p>\n<p>El trabajo de los medios de comunicaci\u00f3n debe fungir como un periodismo colaborativo que luche, en nombre del medio ambiente, y que libre los obst\u00e1culos que los intereses particulares de las personas o instituciones puedan representar en la toma de decisiones sobre la preservaci\u00f3n del mismo.<\/p>\n<p>&nbsp;<\/p>\n<p>Agencia de Noticias Univalle<\/p>\n","protected":false},"excerpt":{"rendered":"<p>Los periodistas deben trabajar unidos para luchar en contra de las personas o de las instituciones que contaminan destruyan al medio ambiente. Cuidar y preservar el medio ambiente es una responsabilidad social, de ello depende nuestra existencia y la de las nuevas generaciones. Y es una labor de todos los[&#8230;]<\/p>\n","protected":false},"author":1,"featured_media":20062,"comment_status":"open","ping_status":"open","sticky":false,"template":"","format":"standard","meta":{"footnotes":""},"categories":[4],"tags":[],"_links":{"self":[{"href":"https:\/\/emisora.univalle.edu.co\/index.php\/wp-json\/wp\/v2\/posts\/20061"}],"collection":[{"href":"https:\/\/emisora.univalle.edu.co\/index.php\/wp-json\/wp\/v2\/posts"}],"about":[{"href":"https:\/\/emisora.univalle.edu.co\/index.php\/wp-json\/wp\/v2\/types\/post"}],"author":[{"embeddable":true,"href":"https:\/\/emisora.univalle.edu.co\/index.php\/wp-json\/wp\/v2\/users\/1"}],"replies":[{"embeddable":true,"href":"https:\/\/emisora.univalle.edu.co\/index.php\/wp-json\/wp\/v2\/comments?post=20061"}],"version-history":[{"count":2,"href":"https:\/\/emisora.univalle.edu.co\/index.php\/wp-json\/wp\/v2\/posts\/20061\/revisions"}],"predecessor-version":[{"id":20064,"href":"https:\/\/emisora.univalle.edu.co\/index.php\/wp-json\/wp\/v2\/posts\/20061\/revisions\/20064"}],"wp:featuredmedia":[{"embeddable":true,"href":"https:\/\/emisora.univalle.edu.co\/index.php\/wp-json\/wp\/v2\/media\/20062"}],"wp:attachment":[{"href":"https:\/\/emisora.univalle.edu.co\/index.php\/wp-json\/wp\/v2\/media?parent=20061"}],"wp:term":[{"taxonomy":"category","embeddable":true,"href":"https:\/\/emisora.univalle.edu.co\/index.php\/wp-json\/wp\/v2\/categories?post=20061"},{"taxonomy":"post_tag","embeddable":true,"href":"https:\/\/emisora.univalle.edu.co\/index.php\/wp-json\/wp\/v2\/tags?post=20061"}],"curies":[{"name":"wp","href":"https:\/\/api.w.org\/{rel}","templated":true}]}}