{"id":20068,"date":"2018-04-24T11:44:26","date_gmt":"2018-04-24T16:44:26","guid":{"rendered":"https:\/\/emisora.univalle.edu.co\/?p=20068"},"modified":"2018-04-24T11:44:26","modified_gmt":"2018-04-24T16:44:26","slug":"reunion-de-directivas-de-univalle-con-la-princesa-diana-miren-de-jordania","status":"publish","type":"post","link":"https:\/\/emisora.univalle.edu.co\/index.php\/reunion-de-directivas-de-univalle-con-la-princesa-diana-miren-de-jordania\/","title":{"rendered":"Reuni\u00f3n de directivas de Univalle con la Princesa Diana Miren de Jordania"},"content":{"rendered":"<p>Fotograf\u00eda: Jes\u00fas Alberto Hern\u00e1ndez, Decano de Salud; HRH Princesa Diana\u00a0Mired; Liliana Arias, Vicerectora Acad\u00e9mica, Oscar L\u00f3pez Pulecio, Asesor de\u00a0la Rector\u00eda.<\/p>\n<p>La reuni\u00f3n tuvo lugar durante un desayuno en el Hotel Intercontinental el martes 24 de abril, con motivo de la visita de la princesa a Cali,\u00a0quien es\u00a0presidenta de la Uni\u00f3n Internacional Contra el C\u00e1ncer. El prop\u00f3sito de la visita fue ratificar la elecci\u00f3n de la Capital del Valle como una de las tres\u00a0ciudades en el mundo, junto con Asunci\u00f3n (Paraguay) y Yangon (Birmania), que construir\u00e1 un modelo de lucha contra el c\u00e1ncer que ser\u00e1 replicado en\u00a0otros pa\u00edses para lograr dicha meta.<\/p>\n<p>Tanto la doctora Liliana Arias, Vicerrectora Acad\u00e9mica con funciones de Rector como el decano de la facultad de Salud, Jes\u00fas Alberto Hern\u00e1ndez\u00a0manifestaron el inter\u00e9s de la Universidad por unir esfuerzos con la Uni\u00f3n Internacional para enfrentar el c\u00e1ncer tanto con pol\u00edticas de prevenci\u00f3n como\u00a0de atenci\u00f3n especializada en lo cual la Universidad tiene una importante trayectoria.<\/p>\n","protected":false},"excerpt":{"rendered":"<p>Fotograf\u00eda: Jes\u00fas Alberto Hern\u00e1ndez, Decano de Salud; HRH Princesa Diana\u00a0Mired; Liliana Arias, Vicerectora Acad\u00e9mica, Oscar L\u00f3pez Pulecio, Asesor de\u00a0la Rector\u00eda. La reuni\u00f3n tuvo lugar durante un desayuno en el Hotel Intercontinental el martes 24 de abril, con motivo de la visita de la princesa a Cali,\u00a0quien es\u00a0presidenta de la Uni\u00f3n[&#8230;]<\/p>\n","protected":false},"author":1,"featured_media":20069,"comment_status":"open","ping_status":"open","sticky":false,"template":"","format":"standard","meta":{"footnotes":""},"categories":[4],"tags":[],"_links":{"self":[{"href":"https:\/\/emisora.univalle.edu.co\/index.php\/wp-json\/wp\/v2\/posts\/20068"}],"collection":[{"href":"https:\/\/emisora.univalle.edu.co\/index.php\/wp-json\/wp\/v2\/posts"}],"about":[{"href":"https:\/\/emisora.univalle.edu.co\/index.php\/wp-json\/wp\/v2\/types\/post"}],"author":[{"embeddable":true,"href":"https:\/\/emisora.univalle.edu.co\/index.php\/wp-json\/wp\/v2\/users\/1"}],"replies":[{"embeddable":true,"href":"https:\/\/emisora.univalle.edu.co\/index.php\/wp-json\/wp\/v2\/comments?post=20068"}],"version-history":[{"count":1,"href":"https:\/\/emisora.univalle.edu.co\/index.php\/wp-json\/wp\/v2\/posts\/20068\/revisions"}],"predecessor-version":[{"id":20070,"href":"https:\/\/emisora.univalle.edu.co\/index.php\/wp-json\/wp\/v2\/posts\/20068\/revisions\/20070"}],"wp:featuredmedia":[{"embeddable":true,"href":"https:\/\/emisora.univalle.edu.co\/index.php\/wp-json\/wp\/v2\/media\/20069"}],"wp:attachment":[{"href":"https:\/\/emisora.univalle.edu.co\/index.php\/wp-json\/wp\/v2\/media?parent=20068"}],"wp:term":[{"taxonomy":"category","embeddable":true,"href":"https:\/\/emisora.univalle.edu.co\/index.php\/wp-json\/wp\/v2\/categories?post=20068"},{"taxonomy":"post_tag","embeddable":true,"href":"https:\/\/emisora.univalle.edu.co\/index.php\/wp-json\/wp\/v2\/tags?post=20068"}],"curies":[{"name":"wp","href":"https:\/\/api.w.org\/{rel}","templated":true}]}}