{"id":20079,"date":"2018-04-27T13:28:33","date_gmt":"2018-04-27T18:28:33","guid":{"rendered":"https:\/\/emisora.univalle.edu.co\/?p=20079"},"modified":"2018-04-27T13:28:33","modified_gmt":"2018-04-27T18:28:33","slug":"en-buga-licenciatura-en-musica-estrena-espacio-de-ensayo","status":"publish","type":"post","link":"https:\/\/emisora.univalle.edu.co\/index.php\/en-buga-licenciatura-en-musica-estrena-espacio-de-ensayo\/","title":{"rendered":"En Buga, Licenciatura en M\u00fasica estrena espacio de ensayo"},"content":{"rendered":"<p>El Programa Acad\u00e9mico de Licenciatura en M\u00fasica de la Universidad del Valle, Sede Buga, inaugur\u00f3 un nuevo espacio de ensayos en la casa Miguel \u00c1ngel Losada Lobat\u00f3n, de propiedad de la Fundaci\u00f3n Colegio Acad\u00e9mico de Buga, el pasado mi\u00e9rcoles 21 de abril.<\/p>\n<p>El evento cont\u00f3 con la presentaci\u00f3n de la Banda Sinf\u00f3nica y el Conjunto de Percusi\u00f3n, ambos de la Licenciatura en M\u00fasica- Sede Buga y con la presencia de Tatiana Tchijova, directora de los programas acad\u00e9micos de M\u00fasica y Licenciatura en M\u00fasica, en Cali.<\/p>\n<p>El nuevo espacio cuenta con un buen n\u00famero de salones para clase, amplia bodega para los instrumentos, dos salones principales para percusi\u00f3n, dos oficinas del \u00e1rea administrativa, un sal\u00f3n de c\u00e1mara, siete cub\u00edculos para clase de instrumento y pr\u00e1cticas, un auditorio para la realizaci\u00f3n de conciertos y zonas verdes.<\/p>\n<p>El traslado a la nueva edificaci\u00f3n es el resultado de la b\u00fasqueda del programa acad\u00e9mico por mejorar su infraestructura para el fortalecimiento de la calidad acad\u00e9mica y el bienestar universitario de sus estudiantes.<\/p>\n<p>A su vez, la Universidad del Valle -Sede Buga sigue fomentando su constante proyecci\u00f3n social y vinculaci\u00f3n cultural, a trav\u00e9s de su participaci\u00f3n en diversos eventos, entre ellos, la \u201cNoche cultural en la rogativa del Se\u00f1or de los Milagros en Buga\u201d y la construcci\u00f3n acad\u00e9mica de la ruta tur\u00edstica y cultural \u201cBuga, una espiral de tiempo\u201d, convirti\u00e9ndose as\u00ed, en un referente de desarrollo social, cultural y art\u00edstico no s\u00f3lo de Buga, sino de toda la sub-regi\u00f3n.<\/p>\n<p>Ir arriba<\/p>\n<p>&nbsp;<\/p>\n","protected":false},"excerpt":{"rendered":"<p>El Programa Acad\u00e9mico de Licenciatura en M\u00fasica de la Universidad del Valle, Sede Buga, inaugur\u00f3 un nuevo espacio de ensayos en la casa Miguel \u00c1ngel Losada Lobat\u00f3n, de propiedad de la Fundaci\u00f3n Colegio Acad\u00e9mico de Buga, el pasado mi\u00e9rcoles 21 de abril. El evento cont\u00f3 con la presentaci\u00f3n de la[&#8230;]<\/p>\n","protected":false},"author":1,"featured_media":20080,"comment_status":"open","ping_status":"open","sticky":false,"template":"","format":"standard","meta":{"footnotes":""},"categories":[4],"tags":[],"_links":{"self":[{"href":"https:\/\/emisora.univalle.edu.co\/index.php\/wp-json\/wp\/v2\/posts\/20079"}],"collection":[{"href":"https:\/\/emisora.univalle.edu.co\/index.php\/wp-json\/wp\/v2\/posts"}],"about":[{"href":"https:\/\/emisora.univalle.edu.co\/index.php\/wp-json\/wp\/v2\/types\/post"}],"author":[{"embeddable":true,"href":"https:\/\/emisora.univalle.edu.co\/index.php\/wp-json\/wp\/v2\/users\/1"}],"replies":[{"embeddable":true,"href":"https:\/\/emisora.univalle.edu.co\/index.php\/wp-json\/wp\/v2\/comments?post=20079"}],"version-history":[{"count":1,"href":"https:\/\/emisora.univalle.edu.co\/index.php\/wp-json\/wp\/v2\/posts\/20079\/revisions"}],"predecessor-version":[{"id":20081,"href":"https:\/\/emisora.univalle.edu.co\/index.php\/wp-json\/wp\/v2\/posts\/20079\/revisions\/20081"}],"wp:featuredmedia":[{"embeddable":true,"href":"https:\/\/emisora.univalle.edu.co\/index.php\/wp-json\/wp\/v2\/media\/20080"}],"wp:attachment":[{"href":"https:\/\/emisora.univalle.edu.co\/index.php\/wp-json\/wp\/v2\/media?parent=20079"}],"wp:term":[{"taxonomy":"category","embeddable":true,"href":"https:\/\/emisora.univalle.edu.co\/index.php\/wp-json\/wp\/v2\/categories?post=20079"},{"taxonomy":"post_tag","embeddable":true,"href":"https:\/\/emisora.univalle.edu.co\/index.php\/wp-json\/wp\/v2\/tags?post=20079"}],"curies":[{"name":"wp","href":"https:\/\/api.w.org\/{rel}","templated":true}]}}