{"id":20082,"date":"2018-04-27T14:50:08","date_gmt":"2018-04-27T19:50:08","guid":{"rendered":"https:\/\/emisora.univalle.edu.co\/?p=20082"},"modified":"2018-04-27T14:50:08","modified_gmt":"2018-04-27T19:50:08","slug":"univalle-celebra-el-dia-internacional-de-la-danza-2","status":"publish","type":"post","link":"https:\/\/emisora.univalle.edu.co\/index.php\/univalle-celebra-el-dia-internacional-de-la-danza-2\/","title":{"rendered":"Univalle celebra el \u2018D\u00eda Internacional de la Danza\u2019"},"content":{"rendered":"<p>Durante dos d\u00edas la Licenciatura en Danza Cl\u00e1sica, adscrita al Departamento de Artes Esc\u00e9nicas de la Universidad del Valle, celebrar\u00e1 el \u2019D\u00eda Internacional de la Danza\u2019.<\/p>\n<p>Con una amplia programaci\u00f3n art\u00edstica, que incluye presentaciones en diversos g\u00e9neros de la danza, clases abiertas y espacios para bailar, la comunidad universitaria podr\u00e1 disfrutar, los d\u00edas el jueves 26 y viernes 27 de abril, de toda la programaci\u00f3n cultural y acad\u00e9mica en el Campus de Mel\u00e9ndez.<\/p>\n<p>El Comit\u00e9 de Danza del Instituto Internacional de Teatro de la UNESCO estableci\u00f3 el 29 de abril como D\u00eda Internacional de la Danza desde 1982, para que \u201ctraspasando las barreras culturales, pol\u00edticas y \u00e9tnicas, celebren la danza y su diversidad\u201d.<\/p>\n<p>\u2018Viva la Danza\u2019 es una actividad coordinada por los estudiantes de la Licenciatura en Danza Cl\u00e1sica, donde los participantes disfrutar\u00e1n del contacto con diferentes maestros, ritmos y tendencias de la danza.<\/p>\n<p>La Conmemoraci\u00f3n iniciar\u00e1 desde horas de la ma\u00f1ana del 26 de abril, con una jornada de clases magistrales de ballet, danza contempor\u00e1nea y tango, entre otras.<\/p>\n<p>Esta actividad tendr\u00e1 lugar en el edificio 314 de la Facultad de Artes Integradas del Campus de Mel\u00e9ndez. El prop\u00f3sito es reunir algunos g\u00e9neros de la danza como un homenaje a esta manifestaci\u00f3n art\u00edstica destacando su universalidad. Los interesados podr\u00e1n asistir y poner su cuerpo a bailar en diferentes estilos y t\u00e9cnicas, o simplemente apreciar c\u00f3mo se dicta una clase de danza, a partir de las 8:00 am.<\/p>\n<p>La celebraci\u00f3n del D\u00eda Internacional de la Danza incluye dos funciones de gala en la Sala de Teatro Univalle: La primera, el 26 de abril, contar\u00e1 con una serie de presentaciones de los grupos invitados de la ciudad. El 27 de abril se presentar\u00e1n el Grupo de Danzas Folcl\u00f3ricas Carmen L\u00f3pez y el espect\u00e1culo Onios, creaci\u00f3n danc\u00edstica de las estudiantes de la Licenciatura en Danza Cl\u00e1sica de la Universidad del Valle.<\/p>\n<p><strong>Clases Magistrales<\/strong><\/p>\n<p>Fecha: Jueves 26 de abril de 2018<\/p>\n<p>Lugar: Edificio 314 \u2013 FAI \u2013 Espacio 2025<\/p>\n<p>Hora: desde las 8:00 -12:00 a.m.<\/p>\n<p><strong>Funciones de gala:<\/strong><\/p>\n<p>Fecha: Jueves 26 de abril de 2018<\/p>\n<p>Viernes 27 de abril de 2018<\/p>\n<p>Lugar: Auditorio 4 \u2013 Sala de Teatro Univalle<\/p>\n<p>Hora: 6:00 p.m.<\/p>\n<p><strong>Informaci\u00f3n:<\/strong>\u00a0<a href=\"mailto:fai.danzaclasica@correounivalle.edu.co\">fai.danzaclasica@correounivalle.edu.co<\/a><\/p>\n<p>http:\/\/escenicas.univalle.edu.co<\/p>\n","protected":false},"excerpt":{"rendered":"<p>Durante dos d\u00edas la Licenciatura en Danza Cl\u00e1sica, adscrita al Departamento de Artes Esc\u00e9nicas de la Universidad del Valle, celebrar\u00e1 el \u2019D\u00eda Internacional de la Danza\u2019. Con una amplia programaci\u00f3n art\u00edstica, que incluye presentaciones en diversos g\u00e9neros de la danza, clases abiertas y espacios para bailar, la comunidad universitaria podr\u00e1[&#8230;]<\/p>\n","protected":false},"author":1,"featured_media":20083,"comment_status":"open","ping_status":"open","sticky":false,"template":"","format":"standard","meta":{"footnotes":""},"categories":[4],"tags":[],"_links":{"self":[{"href":"https:\/\/emisora.univalle.edu.co\/index.php\/wp-json\/wp\/v2\/posts\/20082"}],"collection":[{"href":"https:\/\/emisora.univalle.edu.co\/index.php\/wp-json\/wp\/v2\/posts"}],"about":[{"href":"https:\/\/emisora.univalle.edu.co\/index.php\/wp-json\/wp\/v2\/types\/post"}],"author":[{"embeddable":true,"href":"https:\/\/emisora.univalle.edu.co\/index.php\/wp-json\/wp\/v2\/users\/1"}],"replies":[{"embeddable":true,"href":"https:\/\/emisora.univalle.edu.co\/index.php\/wp-json\/wp\/v2\/comments?post=20082"}],"version-history":[{"count":1,"href":"https:\/\/emisora.univalle.edu.co\/index.php\/wp-json\/wp\/v2\/posts\/20082\/revisions"}],"predecessor-version":[{"id":20084,"href":"https:\/\/emisora.univalle.edu.co\/index.php\/wp-json\/wp\/v2\/posts\/20082\/revisions\/20084"}],"wp:featuredmedia":[{"embeddable":true,"href":"https:\/\/emisora.univalle.edu.co\/index.php\/wp-json\/wp\/v2\/media\/20083"}],"wp:attachment":[{"href":"https:\/\/emisora.univalle.edu.co\/index.php\/wp-json\/wp\/v2\/media?parent=20082"}],"wp:term":[{"taxonomy":"category","embeddable":true,"href":"https:\/\/emisora.univalle.edu.co\/index.php\/wp-json\/wp\/v2\/categories?post=20082"},{"taxonomy":"post_tag","embeddable":true,"href":"https:\/\/emisora.univalle.edu.co\/index.php\/wp-json\/wp\/v2\/tags?post=20082"}],"curies":[{"name":"wp","href":"https:\/\/api.w.org\/{rel}","templated":true}]}}