{"id":20085,"date":"2018-04-27T14:51:22","date_gmt":"2018-04-27T19:51:22","guid":{"rendered":"https:\/\/emisora.univalle.edu.co\/?p=20085"},"modified":"2018-04-27T14:51:22","modified_gmt":"2018-04-27T19:51:22","slug":"convocatorias-internas-de-investigacion","status":"publish","type":"post","link":"https:\/\/emisora.univalle.edu.co\/index.php\/convocatorias-internas-de-investigacion\/","title":{"rendered":"Convocatorias internas de Investigaci\u00f3n"},"content":{"rendered":"<p>La Universidad del Valle ha definido como uno de sus ejes de desarrollo la fundamentaci\u00f3n en la producci\u00f3n y gesti\u00f3n del conocimiento desde la investigaci\u00f3n y la creaci\u00f3n art\u00edstica, y en este contexto considera estrat\u00e9gico generar y fortalecer capacidades y competencias investigativas y de creaci\u00f3n art\u00edstica y human\u00edstica.<\/p>\n<p>La Vicerrector\u00eda de Investigaciones de la Universidad del Valle, invita a participar en las convocatorias internas de investigaci\u00f3n abierta a partir del mes de abril.<\/p>\n<p><strong>&#8211;<\/strong>\u00a0Convocatorias internas para financiaci\u00f3n de proyectos de investigaci\u00f3n y creaci\u00f3n art\u00edstica. Dirigida a profesores nombrados. fecha de apertura 23 de abril, fecha de cierre 12 de junio de 2018.<\/p>\n<p><strong>&#8211;<\/strong>\u00a0Convocatoria interinstitucional PUJ-UNIVALLE. Paz estructural. Dirigida a profesores nombrados, fecha de apertura: 6 de abril de 2018 fecha de cierre 15 de junio de 2018.<\/p>\n<p><strong>&#8211;<\/strong>\u00a0Convocatoria de apoyo a finalizaci\u00f3n de trabajos de grado de estudiantes vinculados a los programas de semilleros de investigaci\u00f3n, fecha de apertura 23 de abril, fecha de cierre 23 de mayo de 2018.<\/p>\n<p><strong>&#8211;<\/strong>\u00a0Convocatoria dirigida a finalizaci\u00f3n de tesis de estudiantes de maestr\u00eda y doctorado, fecha de apertura 23 de abril, fecha de cierre 23 de mayo de 2018.<\/p>\n<p><strong>&#8211;<\/strong>\u00a0Convocatoria para estructuraci\u00f3n de proyectos. Dirigida a profesores nombrados, fecha de apertura 23 de abril de 2018, fecha de cierre: 25 de mayo de 2018.<\/p>\n<p><strong>&#8211;<\/strong>\u00a0Apoyo a la traducci\u00f3n o edici\u00f3n de art\u00edculos cient\u00edficos. Dirigida a profesores nombrados, abierta hasta agotar los recursos disponibles.<\/p>\n<p>Las personas que deseen participar deber\u00e1n leer los t\u00e9rminos de referencia y requisitos en la p\u00e1gina web de la Vicerrector\u00eda de Investigaciones\u00a0<a href=\"http:\/\/viceinvestigaciones.univalle.edu.co\/convocatorias\" target=\"_blank\" rel=\"noopener\">viceinvestigaciones.univalle.edu.co\/convocatorias<\/a>, adem\u00e1s de consultar con la Vicecadecanatura de Investigaciones de cada facultad o directamente con la Vicerrector\u00eda de Investigaciones al correo electr\u00f3nico\u00a0<a href=\"mailto:gestiondeproyectos@correounivalle.edu.co\">gestiondeproyectos@correounivalle.edu.co<\/a>.<\/p>\n<p>La Vicerrector\u00eda de Investigaciones convocar\u00e1 a una reuni\u00f3n de socializaci\u00f3n en el mes de mayo.<\/p>\n","protected":false},"excerpt":{"rendered":"<p>La Universidad del Valle ha definido como uno de sus ejes de desarrollo la fundamentaci\u00f3n en la producci\u00f3n y gesti\u00f3n del conocimiento desde la investigaci\u00f3n y la creaci\u00f3n art\u00edstica, y en este contexto considera estrat\u00e9gico generar y fortalecer capacidades y competencias investigativas y de creaci\u00f3n art\u00edstica y human\u00edstica. La Vicerrector\u00eda[&#8230;]<\/p>\n","protected":false},"author":1,"featured_media":20086,"comment_status":"open","ping_status":"open","sticky":false,"template":"","format":"standard","meta":{"footnotes":""},"categories":[4],"tags":[],"_links":{"self":[{"href":"https:\/\/emisora.univalle.edu.co\/index.php\/wp-json\/wp\/v2\/posts\/20085"}],"collection":[{"href":"https:\/\/emisora.univalle.edu.co\/index.php\/wp-json\/wp\/v2\/posts"}],"about":[{"href":"https:\/\/emisora.univalle.edu.co\/index.php\/wp-json\/wp\/v2\/types\/post"}],"author":[{"embeddable":true,"href":"https:\/\/emisora.univalle.edu.co\/index.php\/wp-json\/wp\/v2\/users\/1"}],"replies":[{"embeddable":true,"href":"https:\/\/emisora.univalle.edu.co\/index.php\/wp-json\/wp\/v2\/comments?post=20085"}],"version-history":[{"count":1,"href":"https:\/\/emisora.univalle.edu.co\/index.php\/wp-json\/wp\/v2\/posts\/20085\/revisions"}],"predecessor-version":[{"id":20087,"href":"https:\/\/emisora.univalle.edu.co\/index.php\/wp-json\/wp\/v2\/posts\/20085\/revisions\/20087"}],"wp:featuredmedia":[{"embeddable":true,"href":"https:\/\/emisora.univalle.edu.co\/index.php\/wp-json\/wp\/v2\/media\/20086"}],"wp:attachment":[{"href":"https:\/\/emisora.univalle.edu.co\/index.php\/wp-json\/wp\/v2\/media?parent=20085"}],"wp:term":[{"taxonomy":"category","embeddable":true,"href":"https:\/\/emisora.univalle.edu.co\/index.php\/wp-json\/wp\/v2\/categories?post=20085"},{"taxonomy":"post_tag","embeddable":true,"href":"https:\/\/emisora.univalle.edu.co\/index.php\/wp-json\/wp\/v2\/tags?post=20085"}],"curies":[{"name":"wp","href":"https:\/\/api.w.org\/{rel}","templated":true}]}}