{"id":20101,"date":"2018-05-02T18:22:34","date_gmt":"2018-05-02T23:22:34","guid":{"rendered":"https:\/\/emisora.univalle.edu.co\/?p=20101"},"modified":"2018-05-02T18:22:34","modified_gmt":"2018-05-02T23:22:34","slug":"se-avanza-en-la-construccion-de-la-politica-de-genero-en-univalle","status":"publish","type":"post","link":"https:\/\/emisora.univalle.edu.co\/index.php\/se-avanza-en-la-construccion-de-la-politica-de-genero-en-univalle\/","title":{"rendered":"Se avanza en la construcci\u00f3n de la Pol\u00edtica de G\u00e9nero en Univalle"},"content":{"rendered":"<p><span class=\"authorPost\">Agencia de Noticias Univalle<\/span><\/p>\n<div class=\"itemFullText\">\n<div>Buscando alimentar el di\u00e1logo con la comunidad estudiantil para\u00a0 fortalecer \u00abla Perspectiva de G\u00e9nero, Pluralidad y Diversidad\u00bb, el Centro de Investigaciones y Estudios de G\u00e9nero, Mujer y Sociedad\u00a0 realiz\u00f3 una serie de talleres dirigidos a los estudiantes de todas las\u00a0 facultades acad\u00e9micas de la Universidad del Valle.<\/div>\n<div><\/div>\n<div>Con el objetivo de construir una pol\u00edtica participativa, los talleres giraron en torno a tres ejes: La C\u00e1tedra de Estudios de G\u00e9nero; Pluralidad y Diversidades y la Ruta de atenci\u00f3n y prevenci\u00f3n dentro de la Universidad del Valle.<\/div>\n<div><\/div>\n<div>En el taller\u00a0 sobre la Pol\u00edtica de G\u00e9nero de la Universidad del Valle participaron\u00a0 estudiantes de las facultades de Salud, Ciencias de la Administraci\u00f3n y Artes Integradas.<\/div>\n<div><\/div>\n<div>En el evento, se dialog\u00f3 con los estudiantes sobre los mecanismos de acci\u00f3n frente a eventuales casos de violencia dentro del campus y se dio pedagog\u00eda para evitar, en primera instancia, cualquier acci\u00f3n violenta o discriminatoria entre estudiantes y profesores.<\/div>\n<div><\/div>\n<div>Stephania Recalde coordinadora del\u00a0 proyecto y la tallerista Liliana Ortis, bajo la tutela\u00a0 del Centro de Investigaciones y Estudios de G\u00e9nero, Mujer y Sociedad organizaron los talleres\u00a0 que se realizaron\u00a0 en la semana del 23 al 27 de abril de 2018, en los\u00a0 campus San Fernando y Mel\u00e9ndez de la Universidad del Valle.<\/div>\n<\/div>\n","protected":false},"excerpt":{"rendered":"<p>Agencia de Noticias Univalle Buscando alimentar el di\u00e1logo con la comunidad estudiantil para\u00a0 fortalecer \u00abla Perspectiva de G\u00e9nero, Pluralidad y Diversidad\u00bb, el Centro de Investigaciones y Estudios de G\u00e9nero, Mujer y Sociedad\u00a0 realiz\u00f3 una serie de talleres dirigidos a los estudiantes de todas las\u00a0 facultades acad\u00e9micas de la Universidad del[&#8230;]<\/p>\n","protected":false},"author":1,"featured_media":20102,"comment_status":"open","ping_status":"open","sticky":false,"template":"","format":"standard","meta":{"footnotes":""},"categories":[4],"tags":[],"_links":{"self":[{"href":"https:\/\/emisora.univalle.edu.co\/index.php\/wp-json\/wp\/v2\/posts\/20101"}],"collection":[{"href":"https:\/\/emisora.univalle.edu.co\/index.php\/wp-json\/wp\/v2\/posts"}],"about":[{"href":"https:\/\/emisora.univalle.edu.co\/index.php\/wp-json\/wp\/v2\/types\/post"}],"author":[{"embeddable":true,"href":"https:\/\/emisora.univalle.edu.co\/index.php\/wp-json\/wp\/v2\/users\/1"}],"replies":[{"embeddable":true,"href":"https:\/\/emisora.univalle.edu.co\/index.php\/wp-json\/wp\/v2\/comments?post=20101"}],"version-history":[{"count":1,"href":"https:\/\/emisora.univalle.edu.co\/index.php\/wp-json\/wp\/v2\/posts\/20101\/revisions"}],"predecessor-version":[{"id":20103,"href":"https:\/\/emisora.univalle.edu.co\/index.php\/wp-json\/wp\/v2\/posts\/20101\/revisions\/20103"}],"wp:featuredmedia":[{"embeddable":true,"href":"https:\/\/emisora.univalle.edu.co\/index.php\/wp-json\/wp\/v2\/media\/20102"}],"wp:attachment":[{"href":"https:\/\/emisora.univalle.edu.co\/index.php\/wp-json\/wp\/v2\/media?parent=20101"}],"wp:term":[{"taxonomy":"category","embeddable":true,"href":"https:\/\/emisora.univalle.edu.co\/index.php\/wp-json\/wp\/v2\/categories?post=20101"},{"taxonomy":"post_tag","embeddable":true,"href":"https:\/\/emisora.univalle.edu.co\/index.php\/wp-json\/wp\/v2\/tags?post=20101"}],"curies":[{"name":"wp","href":"https:\/\/api.w.org\/{rel}","templated":true}]}}