{"id":20104,"date":"2018-05-02T18:23:46","date_gmt":"2018-05-02T23:23:46","guid":{"rendered":"https:\/\/emisora.univalle.edu.co\/?p=20104"},"modified":"2018-05-02T18:23:46","modified_gmt":"2018-05-02T23:23:46","slug":"nuevo-secretario-general-e-de-la-universidad-del-valle","status":"publish","type":"post","link":"https:\/\/emisora.univalle.edu.co\/index.php\/nuevo-secretario-general-e-de-la-universidad-del-valle\/","title":{"rendered":"Nuevo Secretario General (E) de la Universidad del Valle"},"content":{"rendered":"<p>Como Secretario General de la Universidad del Valle encargado, se posesion\u00f3 hoy el abogado Fernando Fierro P\u00e9rez, Profesional de la Direcci\u00f3n Jur\u00eddica en reemplazo del profesor N\u00e9stor Hugo Mlll\u00e1n Mendoza quien renunci\u00f3 el pasado 30 de abril para disfrutar de su per\u00edodo de jubilaci\u00f3n luego de 40 a\u00f1os de ejercicio docente y administrativo.<\/p>\n<p>Abogado de la Universidad Santiago de Cali, magister en administraci\u00f3n en salud y en derecho Constitucional, y doctor en Sociolog\u00eda Jur\u00eddica, el profesor Mill\u00e1n estuvo vinculado por cuatro d\u00e9cadas a la Facultad de Salud. Al aceptar su renuncia el rector Edgar Varela Barrios destac\u00f3 las calidades humanas y profesionales de quien se desempe\u00f1ara por m\u00e1s de dos a\u00f1os como Director de la Oficina Jur\u00eddica y posteriormente ejerciera como Secretario General de Univalle.<\/p>\n<p>Por su parte, el abogado Fernando Fierro P\u00e9rez, nuevo Secretario General (E), es especialista en derecho administrativo de la Universidad de San Buenaventura y se ha desempe\u00f1ado como profesional encargado de la defensa judicial de la Universidad por 14 a\u00f1os, adem\u00e1s de haber sido encargado de la Secretar\u00eda General por varios meses durante 2011.<\/p>\n","protected":false},"excerpt":{"rendered":"<p>Como Secretario General de la Universidad del Valle encargado, se posesion\u00f3 hoy el abogado Fernando Fierro P\u00e9rez, Profesional de la Direcci\u00f3n Jur\u00eddica en reemplazo del profesor N\u00e9stor Hugo Mlll\u00e1n Mendoza quien renunci\u00f3 el pasado 30 de abril para disfrutar de su per\u00edodo de jubilaci\u00f3n luego de 40 a\u00f1os de ejercicio[&#8230;]<\/p>\n","protected":false},"author":1,"featured_media":20105,"comment_status":"open","ping_status":"open","sticky":false,"template":"","format":"standard","meta":{"footnotes":""},"categories":[4],"tags":[],"_links":{"self":[{"href":"https:\/\/emisora.univalle.edu.co\/index.php\/wp-json\/wp\/v2\/posts\/20104"}],"collection":[{"href":"https:\/\/emisora.univalle.edu.co\/index.php\/wp-json\/wp\/v2\/posts"}],"about":[{"href":"https:\/\/emisora.univalle.edu.co\/index.php\/wp-json\/wp\/v2\/types\/post"}],"author":[{"embeddable":true,"href":"https:\/\/emisora.univalle.edu.co\/index.php\/wp-json\/wp\/v2\/users\/1"}],"replies":[{"embeddable":true,"href":"https:\/\/emisora.univalle.edu.co\/index.php\/wp-json\/wp\/v2\/comments?post=20104"}],"version-history":[{"count":1,"href":"https:\/\/emisora.univalle.edu.co\/index.php\/wp-json\/wp\/v2\/posts\/20104\/revisions"}],"predecessor-version":[{"id":20106,"href":"https:\/\/emisora.univalle.edu.co\/index.php\/wp-json\/wp\/v2\/posts\/20104\/revisions\/20106"}],"wp:featuredmedia":[{"embeddable":true,"href":"https:\/\/emisora.univalle.edu.co\/index.php\/wp-json\/wp\/v2\/media\/20105"}],"wp:attachment":[{"href":"https:\/\/emisora.univalle.edu.co\/index.php\/wp-json\/wp\/v2\/media?parent=20104"}],"wp:term":[{"taxonomy":"category","embeddable":true,"href":"https:\/\/emisora.univalle.edu.co\/index.php\/wp-json\/wp\/v2\/categories?post=20104"},{"taxonomy":"post_tag","embeddable":true,"href":"https:\/\/emisora.univalle.edu.co\/index.php\/wp-json\/wp\/v2\/tags?post=20104"}],"curies":[{"name":"wp","href":"https:\/\/api.w.org\/{rel}","templated":true}]}}