{"id":20107,"date":"2018-05-02T18:24:46","date_gmt":"2018-05-02T23:24:46","guid":{"rendered":"https:\/\/emisora.univalle.edu.co\/?p=20107"},"modified":"2018-05-02T18:24:46","modified_gmt":"2018-05-02T23:24:46","slug":"nuevo-diplomado-en-ensenanza-del-espanol-como-lengua-extranjera","status":"publish","type":"post","link":"https:\/\/emisora.univalle.edu.co\/index.php\/nuevo-diplomado-en-ensenanza-del-espanol-como-lengua-extranjera\/","title":{"rendered":"Nuevo Diplomado en ense\u00f1anza del espa\u00f1ol como lengua extranjera"},"content":{"rendered":"<div>\n<p dir=\"ltr\"><span class=\"im\">Con el prop\u00f3sito de atender las necesidades e intereses de formaci\u00f3n de profesionales que desean iniciarse o fundamentar sus pr\u00e1cticas de ense\u00f1anza de<br \/>\n<\/span><span id=\"m_1974471219482533269m_2251747516741331415m_-7969403477519188231gmail-docs-internal-guid-7484f05a-1743-f774-23b7-d61027b1ac00\">del Espa\u00f1ol como Lengua\u00a0<\/span>extranjera, el Departamento de Ling\u00fc\u00edstica y Filolog\u00eda\u00a0<span id=\"m_1974471219482533269m_2251747516741331415m_-7969403477519188231gmail-docs-internal-guid-7484f05a-1743-f774-23b7-d61027b1ac00\">de la Facultad de Humanidades\u00a0<\/span>ofrece un nuevo Diplomado.<\/p>\n<p dir=\"ltr\">A trav\u00e9s del diplomado, l<span id=\"m_1974471219482533269m_2251747516741331415m_-7969403477519188231gmail-docs-internal-guid-7484f05a-1743-f774-23b7-d61027b1ac00\">os participantes<\/span>\u00a0podr\u00e1n dotarse de los conocimientos, habilidades, t\u00e9cnicas e instrumentos b\u00e1sicos necesarios para el desempe\u00f1o satisfactorio de la actividad docente en la ense\u00f1anza de Espa\u00f1ol como Lengua Extranjera o Espa\u00f1ol como segunda lengua.<\/p>\n<p dir=\"ltr\">Este Diplomado tiene como objetivo la formaci\u00f3n y actualizaci\u00f3n de los participantes en el uso de estrategias pedag\u00f3gicas y metodol\u00f3gicas en la ense\u00f1anza del espa\u00f1ol como lengua extranjera (ELE) y como segunda lengua (L2) por medio de la integraci\u00f3n de actividades te\u00f3ricas y pr\u00e1cticas.<\/p>\n<\/div>\n<div>\n<p dir=\"ltr\"><span id=\"m_1974471219482533269m_2251747516741331415m_-7969403477519188231gmail-docs-internal-guid-7484f05a-1743-f774-23b7-d61027b1ac00\">Uno de los objetivos del diploma es el r<\/span><span id=\"m_1974471219482533269m_2251747516741331415m_-7969403477519188231gmail-docs-internal-guid-7484f05a-1743-f774-23b7-d61027b1ac00\">econocer t\u00e9cnicas, instrumentos, estrategias y metodolog\u00edas ling\u00fc\u00edsticas y socio-culturales b\u00e1sicas que favorezcan el aprendizaje y el desarrollo de las competencias comunicativas de los estudiantes en un aula ELE,\u00a0<\/span>tambi\u00e9n se busca\u00a0promover el dise\u00f1o, la elaboraci\u00f3n de materiales y recursos did\u00e1cticos \u00a0que fortalezcan el desarrollo de habilidades ling\u00fc\u00edsticas en el aula ELE, a trav\u00e9s del uso de las TIC.<\/p>\n<p dir=\"ltr\">El \u00b4Dipolado en Ense\u00f1anaza del espa\u00f1ol como Lengua Extranjera\u00b4 consta de cuatro m\u00f3dulos articulados 1: Fundamentos te\u00f3ricos para la Ense\u00f1anza de ELE que aborda los enfoques, m\u00e9todos y pr\u00e1cticas de ense\u00f1anza del ELE; el m\u00f3dulo 2: Comunicaci\u00f3n y cultura en la ense\u00f1anza de ELE que muestra el espa\u00f1ol y sus variedades en Colombia y la regi\u00f3n, las narrativas en relaci\u00f3n con la cultura, las artes en general; el m\u00f3dulo 3: Fundamentos ling\u00fc\u00edsticos de ELE que ofrece los aspectos discursivos y sociopragm\u00e1ticos de la lengua en uso as\u00ed como los aspectos gramaticales determinantes en el sistema de la lengua espa\u00f1ola; el m\u00f3dulo 4 ofrece los fundamentos pedag\u00f3gicos y did\u00e1cticos de ELE y busca mostrar las mejores estrategias para el desarrollo de las habilidades ling\u00fc\u00edsticas y discursivas en la clase de ELE.<\/p>\n<p dir=\"ltr\">\u00a0El Diplomado tiene una orientaci\u00f3n te\u00f3rico-pr\u00e1ctica. Se realizar\u00e1n seminarios y talleres para el logro de los objetivos. La pr\u00e1ctica permanente del diplomado se basa en los principios del enfoque comunicativo desde una perspectiva social y cultural articulada con los procedimientos discursivos y ling\u00fc\u00edsticos del lenguaje en uso.<\/p>\n<p dir=\"ltr\">Este curso es dirigido a profesores vinculados a la ense\u00f1anza de la lengua que deseen orientar su formaci\u00f3n hacia la ense\u00f1anza del espa\u00f1ol como lengua extranjera, licenciados en espa\u00f1ol, letras, lenguas modernas, fil\u00f3logos o \u00e1reas afines, as\u00ed como profesionales interesados en la ense\u00f1anza del espa\u00f1ol como lengua extranjera o como segunda lengua y\u00a0extranjeros con un nivel C1 con visa de estudiante o PIP2.<\/p>\n<p dir=\"ltr\"><br class=\"gmail-Apple-interchange-newline\" \/>Si usted est\u00e1 interesado(a) por favor \u00a0ingrese al siguiente enlace: y llene el formulario de inscripci\u00f3n.<\/p>\n<p dir=\"ltr\"><a href=\"https:\/\/goo.gl\/forms\/XD6HjQahg8X8RdHd2\" target=\"_blank\" rel=\"noopener\">https:\/\/goo.gl\/forms\/<wbr><\/wbr>XD6HjQahg8X8RdHd2<\/a>\u00a0Valor de la inscripci\u00f3n: \u00a0$40.000,oo<\/p>\n<p dir=\"ltr\"><strong>\u00a0Mayor Informaci\u00f3n<\/strong><\/p>\n<p dir=\"ltr\"><a href=\"mailto:%3Cscript%20type='text\/javascript'%3E%20%3C!--%20var%20prefix%20=%20'ma'%20+%20'il'%20+%20'to';%20var%20path%20=%20'hr'%20+%20'ef'%20+%20'=';%20var%20addy63197%20=%20'diplomado.ele'%20+%20'@';%20addy63197%20=%20addy63197%20+%20'correounivalle'%20+%20'.'%20+%20'edu'%20+%20'.'%20+%20'co';%20document.write('%3Ca%20'%20+%20path%20+%20'\\''%20+%20prefix%20+%20':'%20+%20addy63197%20+%20'\\'%3E');%20document.write(addy63197);%20document.write('%3C\\\/a%3E');%20\/\/--%3E\\n%20%3C\/script%3E%3Cscript%20type='text\/javascript'%3E%20%3C!--%20document.write('%3Cspan%20style=\\'display:%20none;\\'%3E');%20\/\/--%3E%20%3C\/script%3EEsta%20direcci%C3%B3n%20de%20correo%20electr%C3%B3nico%20est%C3%A1%20siendo%20protegida%20contra%20los%20robots%20de%20spam.%20Necesita%20tener%20JavaScript%20habilitado%20para%20poder%20verlo.%20%3Cscript%20type='text\/javascript'%3E%20%3C!--%20document.write('%3C\/');%20document.write('span%3E');%20\/\/--%3E%20%3C\/script%3E\" target=\"_blank\" rel=\"noopener\">diplomado.ele@correounivalle.<wbr><\/wbr>edu.co<\/a><\/p>\n<p dir=\"ltr\">ling\u00fc\u00ed<a href=\"mailto:%3Cscript%20type='text\/javascript'%3E%20%3C!--%20var%20prefix%20=%20'ma'%20+%20'il'%20+%20'to';%20var%20path%20=%20'hr'%20+%20'ef'%20+%20'=';%20var%20addy99668%20=%20'stica.ecl'%20+%20'@';%20addy99668%20=%20addy99668%20+%20'correounivalle'%20+%20'.'%20+%20'edu'%20+%20'.'%20+%20'co';%20document.write('%3Ca%20'%20+%20path%20+%20'\\''%20+%20prefix%20+%20':'%20+%20addy99668%20+%20'\\'%3E');%20document.write(addy99668);%20document.write('%3C\\\/a%3E');%20\/\/--%3E\\n%20%3C\/script%3E%3Cscript%20type='text\/javascript'%3E%20%3C!--%20document.write('%3Cspan%20style=\\'display:%20none;\\'%3E');%20\/\/--%3E%20%3C\/script%3EEsta%20direcci%C3%B3n%20de%20correo%20electr%C3%B3nico%20est%C3%A1%20siendo%20protegida%20contra%20los%20robots%20de%20spam.%20Necesita%20tener%20JavaScript%20habilitado%20para%20poder%20verlo.%20%3Cscript%20type='text\/javascript'%3E%20%3C!--%20document.write('%3C\/');%20document.write('span%3E');%20\/\/--%3E%20%3C\/script%3E\" target=\"_blank\" rel=\"noopener\">stica.ecl@<wbr><\/wbr>correounivalle.edu.co<\/a><\/p>\n<p dir=\"ltr\">Tels: 3398497 \u00a0\u00a0&#8211; 3212100: Ext. 7141<\/p>\n<\/div>\n","protected":false},"excerpt":{"rendered":"<p>Con el prop\u00f3sito de atender las necesidades e intereses de formaci\u00f3n de profesionales que desean iniciarse o fundamentar sus pr\u00e1cticas de ense\u00f1anza de del Espa\u00f1ol como Lengua\u00a0extranjera, el Departamento de Ling\u00fc\u00edstica y Filolog\u00eda\u00a0de la Facultad de Humanidades\u00a0ofrece un nuevo Diplomado. A trav\u00e9s del diplomado, los participantes\u00a0podr\u00e1n dotarse de los conocimientos,[&#8230;]<\/p>\n","protected":false},"author":1,"featured_media":20108,"comment_status":"open","ping_status":"open","sticky":false,"template":"","format":"standard","meta":{"footnotes":""},"categories":[4],"tags":[],"_links":{"self":[{"href":"https:\/\/emisora.univalle.edu.co\/index.php\/wp-json\/wp\/v2\/posts\/20107"}],"collection":[{"href":"https:\/\/emisora.univalle.edu.co\/index.php\/wp-json\/wp\/v2\/posts"}],"about":[{"href":"https:\/\/emisora.univalle.edu.co\/index.php\/wp-json\/wp\/v2\/types\/post"}],"author":[{"embeddable":true,"href":"https:\/\/emisora.univalle.edu.co\/index.php\/wp-json\/wp\/v2\/users\/1"}],"replies":[{"embeddable":true,"href":"https:\/\/emisora.univalle.edu.co\/index.php\/wp-json\/wp\/v2\/comments?post=20107"}],"version-history":[{"count":1,"href":"https:\/\/emisora.univalle.edu.co\/index.php\/wp-json\/wp\/v2\/posts\/20107\/revisions"}],"predecessor-version":[{"id":20109,"href":"https:\/\/emisora.univalle.edu.co\/index.php\/wp-json\/wp\/v2\/posts\/20107\/revisions\/20109"}],"wp:featuredmedia":[{"embeddable":true,"href":"https:\/\/emisora.univalle.edu.co\/index.php\/wp-json\/wp\/v2\/media\/20108"}],"wp:attachment":[{"href":"https:\/\/emisora.univalle.edu.co\/index.php\/wp-json\/wp\/v2\/media?parent=20107"}],"wp:term":[{"taxonomy":"category","embeddable":true,"href":"https:\/\/emisora.univalle.edu.co\/index.php\/wp-json\/wp\/v2\/categories?post=20107"},{"taxonomy":"post_tag","embeddable":true,"href":"https:\/\/emisora.univalle.edu.co\/index.php\/wp-json\/wp\/v2\/tags?post=20107"}],"curies":[{"name":"wp","href":"https:\/\/api.w.org\/{rel}","templated":true}]}}