{"id":20110,"date":"2018-05-02T18:27:31","date_gmt":"2018-05-02T23:27:31","guid":{"rendered":"https:\/\/emisora.univalle.edu.co\/?p=20110"},"modified":"2018-05-02T18:27:31","modified_gmt":"2018-05-02T23:27:31","slug":"campus-tv-capitulo-7","status":"publish","type":"post","link":"https:\/\/emisora.univalle.edu.co\/index.php\/campus-tv-capitulo-7\/","title":{"rendered":"Campus TV capitulo 7"},"content":{"rendered":"<p>\u00bfSab\u00edas que Univalle fue sede del 9no Abierto Nacional de Paranataci\u00f3n, o que comunidades campesinas y excombatientes de las FARC visitaron el campus de Mel\u00e9ndez durante la primera jornada de Mercados por la Paz? Conozcan tambi\u00e9n hacia d\u00f3nde va Cali en t\u00e9rminos de movilidad. Esto y mucho m\u00e1s por nuestro informativo Campus TV.<\/p>\n<p style=\"text-align: center;\"><iframe loading=\"lazy\" src=\"https:\/\/www.youtube.com\/embed\/6jk8gBujkp0\" width=\"560\" height=\"315\" frameborder=\"0\" allowfullscreen=\"allowfullscreen\"><\/iframe><\/p>\n","protected":false},"excerpt":{"rendered":"<p>\u00bfSab\u00edas que Univalle fue sede del 9no Abierto Nacional de Paranataci\u00f3n, o que comunidades campesinas y excombatientes de las FARC visitaron el campus de Mel\u00e9ndez durante la primera jornada de Mercados por la Paz? Conozcan tambi\u00e9n hacia d\u00f3nde va Cali en t\u00e9rminos de movilidad. Esto y mucho m\u00e1s por nuestro[&#8230;]<\/p>\n","protected":false},"author":1,"featured_media":19960,"comment_status":"open","ping_status":"open","sticky":false,"template":"","format":"standard","meta":{"footnotes":""},"categories":[4],"tags":[],"_links":{"self":[{"href":"https:\/\/emisora.univalle.edu.co\/index.php\/wp-json\/wp\/v2\/posts\/20110"}],"collection":[{"href":"https:\/\/emisora.univalle.edu.co\/index.php\/wp-json\/wp\/v2\/posts"}],"about":[{"href":"https:\/\/emisora.univalle.edu.co\/index.php\/wp-json\/wp\/v2\/types\/post"}],"author":[{"embeddable":true,"href":"https:\/\/emisora.univalle.edu.co\/index.php\/wp-json\/wp\/v2\/users\/1"}],"replies":[{"embeddable":true,"href":"https:\/\/emisora.univalle.edu.co\/index.php\/wp-json\/wp\/v2\/comments?post=20110"}],"version-history":[{"count":1,"href":"https:\/\/emisora.univalle.edu.co\/index.php\/wp-json\/wp\/v2\/posts\/20110\/revisions"}],"predecessor-version":[{"id":20111,"href":"https:\/\/emisora.univalle.edu.co\/index.php\/wp-json\/wp\/v2\/posts\/20110\/revisions\/20111"}],"wp:featuredmedia":[{"embeddable":true,"href":"https:\/\/emisora.univalle.edu.co\/index.php\/wp-json\/wp\/v2\/media\/19960"}],"wp:attachment":[{"href":"https:\/\/emisora.univalle.edu.co\/index.php\/wp-json\/wp\/v2\/media?parent=20110"}],"wp:term":[{"taxonomy":"category","embeddable":true,"href":"https:\/\/emisora.univalle.edu.co\/index.php\/wp-json\/wp\/v2\/categories?post=20110"},{"taxonomy":"post_tag","embeddable":true,"href":"https:\/\/emisora.univalle.edu.co\/index.php\/wp-json\/wp\/v2\/tags?post=20110"}],"curies":[{"name":"wp","href":"https:\/\/api.w.org\/{rel}","templated":true}]}}