{"id":20117,"date":"2018-05-04T11:51:15","date_gmt":"2018-05-04T16:51:15","guid":{"rendered":"https:\/\/emisora.univalle.edu.co\/?p=20117"},"modified":"2018-05-04T11:51:15","modified_gmt":"2018-05-04T16:51:15","slug":"la-documentacion-base-de-la-memoria-y-la-creacion-artistica","status":"publish","type":"post","link":"https:\/\/emisora.univalle.edu.co\/index.php\/la-documentacion-base-de-la-memoria-y-la-creacion-artistica\/","title":{"rendered":"La documentaci\u00f3n, base de la memoria y la creaci\u00f3n art\u00edstica"},"content":{"rendered":"<p>El Departamento de Artes Esc\u00e9nicas de la Facultad de Artes Integradas, invita a los estudiantes, investigadores y artistas en todas sus \u00e1reas, alSeminario Internacional, La documentaci\u00f3n, base de la memoria y la creaci\u00f3n art\u00edstica, con la participaci\u00f3n de importantes centros de documentaci\u00f3n e investigaci\u00f3n de M\u00e9xico, Argentina y Colombia<strong>.<\/strong><\/p>\n<p>El seminario se realizar\u00e1<strong>\u00a0<\/strong>los d\u00edas 8 y 9 de mayo, en la Sala de Teatro Univalle, de Mel\u00e9ndez.<\/p>\n<p>El Seminario tiene como objetivo compartir las estrategias y experiencia en el campo de la adquisici\u00f3n, conservaci\u00f3n y difusi\u00f3n de documentos que registran la creaci\u00f3n art\u00edstica, en el campo del teatro, las artes visuales y la m\u00fasica, su importancia en la consolidaci\u00f3n del patrimonio cultural y la utilizaci\u00f3n en el campo de la investigaci\u00f3n y de la creaci\u00f3n art\u00edstica.<\/p>\n<p>El evento cuenta con la participaci\u00f3n de importantes personalidades como la investigadora Claudia Jasso del Centro Nacional de Investigaci\u00f3n, Documentaci\u00f3n e Informaci\u00f3n Teatral; Rodolfo Usigli de M\u00e9xico (CITRU) uno de los m\u00e1s completos y activos en Latinoam\u00e9rica. Igual inter\u00e9s despierta la participaci\u00f3n de la investigadora Claudia Tourn de la Red de Centros de Documentaci\u00f3n de Argentina y de la Asociaci\u00f3n Argentina de Investigaci\u00f3n y Cr\u00edtica Teatral (AINCRIT) que, con diez a\u00f1os de actividades, disertar\u00e1 sobre los aportes de esta asociaci\u00f3n al desarrollo de la investigaci\u00f3n esc\u00e9nica en Argentina.<\/p>\n<p>El Seminario contar\u00e1 tambi\u00e9n con la participaci\u00f3n de los centros de investigaci\u00f3n de las m\u00e1s importantes entidades culturales de la ciudad, como el Teatro Experimental de Cali y su centro CITEB, el centro de documentaci\u00f3n de La Tertulia, Lugar a dudas, el Instituto Departamental de Bellas Artes y el Instituto Popular de Cultura, IPC.<\/p>\n<p>Este importante evento es organizado por el Departamento de Artes Esc\u00e9nicas, la Maestr\u00eda en Creaci\u00f3n y Direcci\u00f3n Esc\u00e9nica y cuenta con el apoyo de la Facultad de Artes Integradas y de la Divisi\u00f3n de Bibliotecas de la Universidad del Valle.<\/p>\n<p><strong>Fechas:<\/strong>\u00a08 y 9 de mayo<\/p>\n<p><strong>Horario:<\/strong>\u00a09:00 am- 5:00 pm<\/p>\n<p><strong>Lugar:<\/strong>\u00a0Sala de teatro Univalle<\/p>\n<p><strong>Entrada Libre<\/strong><\/p>\n<p><strong>Toda la programaci\u00f3n en<\/strong>\u00a0<a href=\"http:\/\/escenicas.univalle.edu.co\/\" data-saferedirecturl=\"https:\/\/www.google.com\/url?hl=es&amp;q=http:\/\/escenicas.univalle.edu.co&amp;source=gmail&amp;ust=1525472069831000&amp;usg=AFQjCNG1JWfw-yGMzz7wKEzQWCztB_IFaQ\">http:\/\/escenicas.univalle.edu.co<\/a><\/p>\n","protected":false},"excerpt":{"rendered":"<p>El Departamento de Artes Esc\u00e9nicas de la Facultad de Artes Integradas, invita a los estudiantes, investigadores y artistas en todas sus \u00e1reas, alSeminario Internacional, La documentaci\u00f3n, base de la memoria y la creaci\u00f3n art\u00edstica, con la participaci\u00f3n de importantes centros de documentaci\u00f3n e investigaci\u00f3n de M\u00e9xico, Argentina y Colombia. El[&#8230;]<\/p>\n","protected":false},"author":1,"featured_media":20118,"comment_status":"open","ping_status":"open","sticky":false,"template":"","format":"standard","meta":{"footnotes":""},"categories":[4],"tags":[],"_links":{"self":[{"href":"https:\/\/emisora.univalle.edu.co\/index.php\/wp-json\/wp\/v2\/posts\/20117"}],"collection":[{"href":"https:\/\/emisora.univalle.edu.co\/index.php\/wp-json\/wp\/v2\/posts"}],"about":[{"href":"https:\/\/emisora.univalle.edu.co\/index.php\/wp-json\/wp\/v2\/types\/post"}],"author":[{"embeddable":true,"href":"https:\/\/emisora.univalle.edu.co\/index.php\/wp-json\/wp\/v2\/users\/1"}],"replies":[{"embeddable":true,"href":"https:\/\/emisora.univalle.edu.co\/index.php\/wp-json\/wp\/v2\/comments?post=20117"}],"version-history":[{"count":1,"href":"https:\/\/emisora.univalle.edu.co\/index.php\/wp-json\/wp\/v2\/posts\/20117\/revisions"}],"predecessor-version":[{"id":20119,"href":"https:\/\/emisora.univalle.edu.co\/index.php\/wp-json\/wp\/v2\/posts\/20117\/revisions\/20119"}],"wp:featuredmedia":[{"embeddable":true,"href":"https:\/\/emisora.univalle.edu.co\/index.php\/wp-json\/wp\/v2\/media\/20118"}],"wp:attachment":[{"href":"https:\/\/emisora.univalle.edu.co\/index.php\/wp-json\/wp\/v2\/media?parent=20117"}],"wp:term":[{"taxonomy":"category","embeddable":true,"href":"https:\/\/emisora.univalle.edu.co\/index.php\/wp-json\/wp\/v2\/categories?post=20117"},{"taxonomy":"post_tag","embeddable":true,"href":"https:\/\/emisora.univalle.edu.co\/index.php\/wp-json\/wp\/v2\/tags?post=20117"}],"curies":[{"name":"wp","href":"https:\/\/api.w.org\/{rel}","templated":true}]}}