{"id":20123,"date":"2018-05-04T11:52:51","date_gmt":"2018-05-04T16:52:51","guid":{"rendered":"https:\/\/emisora.univalle.edu.co\/?p=20123"},"modified":"2018-05-04T11:52:51","modified_gmt":"2018-05-04T16:52:51","slug":"rector-de-univalle-sustenta-ante-el-congreso-propuesta-para-la-creacion-del-ministerio-de-la-ciencia-la-tecnologia-y-la-innovacion","status":"publish","type":"post","link":"https:\/\/emisora.univalle.edu.co\/index.php\/rector-de-univalle-sustenta-ante-el-congreso-propuesta-para-la-creacion-del-ministerio-de-la-ciencia-la-tecnologia-y-la-innovacion\/","title":{"rendered":"Rector de Univalle sustenta ante el Congreso propuesta para la creaci\u00f3n del Ministerio de la Ciencia, la Tecnolog\u00eda y la Innovaci\u00f3n"},"content":{"rendered":"<p>El Rector de la Universidad del Valle, Edgar Varela Barrios, present\u00f3 hoy en la C\u00e1mara de Representantes una ponencia para explicar las bondades de la creaci\u00f3n del Ministerio de la Ciencia, Tecnolog\u00eda e Innovaci\u00f3n en Colombia.<\/p>\n<p>El proyecto de ley sobre este particular lo lidera el representante a la c\u00e1mara Iv\u00e1n Dar\u00edo Agudelo Zapata, quien invit\u00f3 al rector para presentarles a los congresistas detalles de la iniciativa.<\/p>\n<p>El rector Varela Barrios hizo parte de un panel de expertos y acad\u00e9micos invitados por la C\u00e1mara de Representantes para analizar, debatir y reflexionar sobre la necesidad de\u00a0crear el Ministerio de Ciencia, Tecnolog\u00eda e Innovaci\u00f3n para el pa\u00eds.<\/p>\n<p>El Rector Varela expres\u00f3 que Colombia se tiene que dar la oportunidad de tener una estructura del m\u00e1s alto nivel para que la Ciencia y la Tecnolog\u00eda tengan la importancia de las pol\u00edticas p\u00fablicas que hoy no tiene, y mencion\u00f3 como ejermplos los casos de Argentina, Brasil, Costa Rica y otros pa\u00edses de Am\u00e9rica Latina. Destac\u00f3 que se debe definir un modelo organizacional que vincule los territorios oriente el papel de los diferentes actores genere sistemas de financiamiento. El directivo dijo que las universidades estatales est\u00e1n participando muy activamente del proceso de dise\u00f1o del nuevo ministerio para que se concrete este a\u00f1o.<\/p>\n<p>En la presentaci\u00f3n del profesor Edgar Varela ante los congresistas hubo una nutrida participaci\u00f3n de la comunidad acad\u00e9mica y cient\u00edfica de distintas \u00e1reas del conocimiento. El conjunto de las intervenciones de los congresistas y expertos respald\u00f3 la propuesta del parlamentario Agudelo Zapata y en la sesi\u00f3n se hizo \u00e9nfasis en la financiaci\u00f3n de la ciencia y la tecnolog\u00eda y en las modalidades de operaci\u00f3n de futuro ministerio.<\/p>\n<p>\u201cConsideramos que la ciencia, la tecnolog\u00eda y la Innovaci\u00f3n deben ostentar el rango de ministerio. Los resultados y los cambios que ha tenido Colciencias, demuestran que es necesaria una estructura con mayor influencia, mayor capacidad de toma de decisiones y con mayor organizaci\u00f3n para gesti\u00f3n recursos\u201d se\u00f1al\u00f3 el profesor Varela Barrios.<\/p>\n<p>El directivo invit\u00f3 a los congresistas a liderar la ciencia y la tecnolog\u00eda \u201cde un pa\u00eds en desarrollo como Colombia, con los retos y la responsabilidad que hoy tiene este asunto en la trasformaci\u00f3n de una sociedad\u201d.<\/p>\n<p>Explic\u00f3 que la estructura del nuevo ministerio deber\u00eda tener una organizaci\u00f3n por actividades y que no se requieren grandes viceministerios sino direcciones t\u00e9cnicas, asociadas al fomento y la apropiaci\u00f3n de la ciencia, la tecnolog\u00eda y la innovaci\u00f3n y a la gesti\u00f3n de proyectos del sector.<\/p>\n<p>Seg\u00fan el rector Varela Barrios, \u201cno se debe caer en el error actual de separar la ciencia y la tecnolog\u00eda del desarrollo tecnol\u00f3gico e innovaci\u00f3n, como ocurre actualmente con Colciencias, y es necesario que la secretaria t\u00e9cnica del OCAD de ciencia y tecnolog\u00eda se articule con la estructura del nuevo ministerio. Es muy importante que este sea un nuevo ministerio con interlocuci\u00f3n de las regionales y articulado con los CODECTI en los departamentos.<\/p>\n<p>La nueva estructura facilitar\u00eda la b\u00fasqueda de recursos internacionales para el fomento, el desarrollo de proyectos y la apropiaci\u00f3n de la CTEI. Permite la articulaci\u00f3n de recursos internacionales, nacionales y regionales, para el desarrollo de macro proyectos con un mayor impacto para el pa\u00eds.<\/p>\n<p>Puntualiz\u00f3 que en la revisi\u00f3n de la reglamentaci\u00f3n actual del Fondo del Sistema de Gesti\u00f3n de Regal\u00edas de CTEI se deben ajustar los mecanismos para hacer m\u00e1s eficiente el uso de los recursos y el gasto.<\/p>\n","protected":false},"excerpt":{"rendered":"<p>El Rector de la Universidad del Valle, Edgar Varela Barrios, present\u00f3 hoy en la C\u00e1mara de Representantes una ponencia para explicar las bondades de la creaci\u00f3n del Ministerio de la Ciencia, Tecnolog\u00eda e Innovaci\u00f3n en Colombia. El proyecto de ley sobre este particular lo lidera el representante a la c\u00e1mara[&#8230;]<\/p>\n","protected":false},"author":1,"featured_media":20124,"comment_status":"open","ping_status":"open","sticky":false,"template":"","format":"standard","meta":{"footnotes":""},"categories":[4],"tags":[],"_links":{"self":[{"href":"https:\/\/emisora.univalle.edu.co\/index.php\/wp-json\/wp\/v2\/posts\/20123"}],"collection":[{"href":"https:\/\/emisora.univalle.edu.co\/index.php\/wp-json\/wp\/v2\/posts"}],"about":[{"href":"https:\/\/emisora.univalle.edu.co\/index.php\/wp-json\/wp\/v2\/types\/post"}],"author":[{"embeddable":true,"href":"https:\/\/emisora.univalle.edu.co\/index.php\/wp-json\/wp\/v2\/users\/1"}],"replies":[{"embeddable":true,"href":"https:\/\/emisora.univalle.edu.co\/index.php\/wp-json\/wp\/v2\/comments?post=20123"}],"version-history":[{"count":1,"href":"https:\/\/emisora.univalle.edu.co\/index.php\/wp-json\/wp\/v2\/posts\/20123\/revisions"}],"predecessor-version":[{"id":20125,"href":"https:\/\/emisora.univalle.edu.co\/index.php\/wp-json\/wp\/v2\/posts\/20123\/revisions\/20125"}],"wp:featuredmedia":[{"embeddable":true,"href":"https:\/\/emisora.univalle.edu.co\/index.php\/wp-json\/wp\/v2\/media\/20124"}],"wp:attachment":[{"href":"https:\/\/emisora.univalle.edu.co\/index.php\/wp-json\/wp\/v2\/media?parent=20123"}],"wp:term":[{"taxonomy":"category","embeddable":true,"href":"https:\/\/emisora.univalle.edu.co\/index.php\/wp-json\/wp\/v2\/categories?post=20123"},{"taxonomy":"post_tag","embeddable":true,"href":"https:\/\/emisora.univalle.edu.co\/index.php\/wp-json\/wp\/v2\/tags?post=20123"}],"curies":[{"name":"wp","href":"https:\/\/api.w.org\/{rel}","templated":true}]}}