{"id":20126,"date":"2018-05-07T18:15:59","date_gmt":"2018-05-07T23:15:59","guid":{"rendered":"https:\/\/emisora.univalle.edu.co\/?p=20126"},"modified":"2018-05-07T18:15:59","modified_gmt":"2018-05-07T23:15:59","slug":"cumbre-sobre-transformacion-digital-en-la-educacion-superior","status":"publish","type":"post","link":"https:\/\/emisora.univalle.edu.co\/index.php\/cumbre-sobre-transformacion-digital-en-la-educacion-superior\/","title":{"rendered":"Cumbre sobre Transformaci\u00f3n Digital en la Educaci\u00f3n Superior"},"content":{"rendered":"<p>La Universidad tiene que ser el motor generador de los talentos que liderar\u00e1n las pr\u00f3ximas innovaciones, y entre los retos que debe asumir es el preparar profesionales para cargos que hoy no existen en tecnolog\u00edas que a\u00fan no se han inventado.<\/p>\n<p>Tambi\u00e9n debe preparar a los estudiantes para resolver problemas que todav\u00eda no tenemos.<\/p>\n<p>La transformaci\u00f3n en la educaci\u00f3n superior no se reduce al mundo de lo digital, es general, cultural y de estrategia, que luego la tecnolog\u00eda va a empoderar.<\/p>\n<p>La educaci\u00f3n tradicional debe pasar por una transformaci\u00f3n en la que el foco siga siendo el desarrollo del conocimiento, pero tambi\u00e9n se implementen nuevas competencias y habilidades en los profesionales ya que enfrentar\u00e1n escenarios laborales en los que una de sus obligaciones permanentes es la de seguir aprendiendo.<\/p>\n<p>Las universidades deben preparar profesionales que aprendan a ser estudiantes de por vida. Esa es la v\u00eda para lograr la adaptaci\u00f3n en los escenarios laborales futuros.<\/p>\n<p>Estas fueron algunas de las ideas expuestas por el Director de Educaci\u00f3n de Latam, Microsoft, en la primera jornada del la cumbre sobre \u2018Transformaci\u00f3n Digital en la Educaci\u00f3n Superior\u2019, realizada en la Biblioteca Mario Carvajal de la Universidad del Valle.<\/p>\n<p>El evento, organizado por Microsoft Colombia y la Asociaci\u00f3n RUAV- Red Universitaria Acad\u00e9mica Avanzada del Valle del Cauca, cont\u00f3 con la asistencia de acad\u00e9micos, publicistas, y desarrolladores quienes tuvieron la posibilidad de debatir y compartir experiencias.<\/p>\n<p>Durante la Cumbre se realizaron dos conversatorios, el primero sobre la ense\u00f1anza y el aprendizaje, liderado por las Universidades ICESI, EAFIT, la empresa de educaci\u00f3n y tecnolog\u00eda Hypercubus y la EABC Learning, quienes hablaron sobre ambientes de colaboraci\u00f3n, aula invertida y distintas herramientas para la preparaci\u00f3n de clases, entre otros temas.<\/p>\n<p>El segundo conversatorio dirigido por Alberto Bustamante, Director Educaci\u00f3n Latam, Microsoft, sobre el trabajo y las habilidades del futuro. Cont\u00f3 con la participaci\u00f3n del rector de la universidad, Edgar Varela Barrios, El Director de la C\u00e1mara de Comercio de Cali Esteban Piedrahita; Director de Econom\u00eda Digital de la Gobernaci\u00f3n del Valle\u00a0Henry Ray.<\/p>\n<p>Durante la segunda sesi\u00f3n de la Cumbre sobre Transformaci\u00f3n Digital en la Educaci\u00f3n Superior, se abordaron los temas de investigaci\u00f3n de excelencia con nuevas teconolog\u00edas, anal\u00edtica de aprendizaje, planificaci\u00f3n y operaciones.<\/p>\n<p>Como parte del cierre, el evento ofreci\u00f3 a sus asistentes un c\u00f3ctel en el que fomentaron el relacionamiento y compartir entre los asistentes.<\/p>\n","protected":false},"excerpt":{"rendered":"<p>La Universidad tiene que ser el motor generador de los talentos que liderar\u00e1n las pr\u00f3ximas innovaciones, y entre los retos que debe asumir es el preparar profesionales para cargos que hoy no existen en tecnolog\u00edas que a\u00fan no se han inventado. Tambi\u00e9n debe preparar a los estudiantes para resolver problemas[&#8230;]<\/p>\n","protected":false},"author":1,"featured_media":20127,"comment_status":"open","ping_status":"open","sticky":false,"template":"","format":"standard","meta":{"footnotes":""},"categories":[4],"tags":[],"_links":{"self":[{"href":"https:\/\/emisora.univalle.edu.co\/index.php\/wp-json\/wp\/v2\/posts\/20126"}],"collection":[{"href":"https:\/\/emisora.univalle.edu.co\/index.php\/wp-json\/wp\/v2\/posts"}],"about":[{"href":"https:\/\/emisora.univalle.edu.co\/index.php\/wp-json\/wp\/v2\/types\/post"}],"author":[{"embeddable":true,"href":"https:\/\/emisora.univalle.edu.co\/index.php\/wp-json\/wp\/v2\/users\/1"}],"replies":[{"embeddable":true,"href":"https:\/\/emisora.univalle.edu.co\/index.php\/wp-json\/wp\/v2\/comments?post=20126"}],"version-history":[{"count":1,"href":"https:\/\/emisora.univalle.edu.co\/index.php\/wp-json\/wp\/v2\/posts\/20126\/revisions"}],"predecessor-version":[{"id":20128,"href":"https:\/\/emisora.univalle.edu.co\/index.php\/wp-json\/wp\/v2\/posts\/20126\/revisions\/20128"}],"wp:featuredmedia":[{"embeddable":true,"href":"https:\/\/emisora.univalle.edu.co\/index.php\/wp-json\/wp\/v2\/media\/20127"}],"wp:attachment":[{"href":"https:\/\/emisora.univalle.edu.co\/index.php\/wp-json\/wp\/v2\/media?parent=20126"}],"wp:term":[{"taxonomy":"category","embeddable":true,"href":"https:\/\/emisora.univalle.edu.co\/index.php\/wp-json\/wp\/v2\/categories?post=20126"},{"taxonomy":"post_tag","embeddable":true,"href":"https:\/\/emisora.univalle.edu.co\/index.php\/wp-json\/wp\/v2\/tags?post=20126"}],"curies":[{"name":"wp","href":"https:\/\/api.w.org\/{rel}","templated":true}]}}