{"id":20129,"date":"2018-05-07T18:17:10","date_gmt":"2018-05-07T23:17:10","guid":{"rendered":"https:\/\/emisora.univalle.edu.co\/?p=20129"},"modified":"2018-05-07T18:17:10","modified_gmt":"2018-05-07T23:17:10","slug":"mayo-del-68-mas-que-una-revuelta-estudiantil","status":"publish","type":"post","link":"https:\/\/emisora.univalle.edu.co\/index.php\/mayo-del-68-mas-que-una-revuelta-estudiantil\/","title":{"rendered":"Mayo del 68, m\u00e1s que una revuelta estudiantil"},"content":{"rendered":"<p>La fallida revuelta estudiantil, m\u00e1s cultural que pol\u00edtica, que comenz\u00f3 en Par\u00eds en mayo de 1968, paraliz\u00f3 a toda Francia y se extendi\u00f3 por al menos nueve pa\u00edses, entre ellos Espa\u00f1a, M\u00e9xico, Argentina, Uruguay y Estados Unidos, entre otros.<\/p>\n<p>Las protestas que comenzaron a inicios de mayo, en Nanterre- Francia, se propagaron por toda Europa e incluso pa\u00edses latinoamericanos, como M\u00e9xico, Argentina y Uruguay, se levantaron para luchar por los derechos civiles, la indignaci\u00f3n por la guerra de Vietnam, el asesinato de Mart\u00edn Luther King y el del l\u00edder estudiantil Rudi Dutschkelucha, entre otros motivos.<\/p>\n<p>Estas fueron algunas de las ideas expuestas en la charla &#8216;Mayo del 68: \u00bfUna revuelta estudiantil&#8217; dictada en el Auditorio Antonio J. Posada por el profesor Mario Luna Ben\u00edtez del Departamento de Ciencias Sociales de la Universidad del Valle.<\/p>\n<p>La charla se realiz\u00f3 el pasado viernes 4 de mayo de 2018 como parte del ciclo &#8216;Charlas de los Viernes&#8217; y fue organizada por la Facultad de Ciencias Sociales y Econ\u00f3micas y el Grupo de Investigaci\u00f3n Acci\u00f3n Colectiva y Cambio Social &#8211; ACASO, de la Universidad del Valle.<\/p>\n<p>El conferencista tambi\u00e9n coment\u00f3 que los m\u00e1s de 10 millones de protestantes, entre estudiantes, trabajadores y hippies no persegu\u00edan llegar al poder, buscaban reformas sociales, m\u00e1s que pol\u00edticas.<\/p>\n<p>El grueso de las protestas finalizaron cuando el entonces presidente franc\u00e9s Charles De Gaulle reconoci\u00f3 la necesidad de emprender una pol\u00edtica de reformas profundas para hacer frente al malestar social y anunci\u00f3 las elecciones, que tuvieron lugar en junio del mismo a\u00f1o.<\/p>\n<p>&nbsp;<\/p>\n<p>Pie de foto: Mario Luna Ben\u00edtez profesor del Departamento de Ciencias Sociales de la Universidad del Valle.<\/p>\n","protected":false},"excerpt":{"rendered":"<p>La fallida revuelta estudiantil, m\u00e1s cultural que pol\u00edtica, que comenz\u00f3 en Par\u00eds en mayo de 1968, paraliz\u00f3 a toda Francia y se extendi\u00f3 por al menos nueve pa\u00edses, entre ellos Espa\u00f1a, M\u00e9xico, Argentina, Uruguay y Estados Unidos, entre otros. Las protestas que comenzaron a inicios de mayo, en Nanterre- Francia,[&#8230;]<\/p>\n","protected":false},"author":1,"featured_media":20130,"comment_status":"open","ping_status":"open","sticky":false,"template":"","format":"standard","meta":{"footnotes":""},"categories":[4],"tags":[],"_links":{"self":[{"href":"https:\/\/emisora.univalle.edu.co\/index.php\/wp-json\/wp\/v2\/posts\/20129"}],"collection":[{"href":"https:\/\/emisora.univalle.edu.co\/index.php\/wp-json\/wp\/v2\/posts"}],"about":[{"href":"https:\/\/emisora.univalle.edu.co\/index.php\/wp-json\/wp\/v2\/types\/post"}],"author":[{"embeddable":true,"href":"https:\/\/emisora.univalle.edu.co\/index.php\/wp-json\/wp\/v2\/users\/1"}],"replies":[{"embeddable":true,"href":"https:\/\/emisora.univalle.edu.co\/index.php\/wp-json\/wp\/v2\/comments?post=20129"}],"version-history":[{"count":1,"href":"https:\/\/emisora.univalle.edu.co\/index.php\/wp-json\/wp\/v2\/posts\/20129\/revisions"}],"predecessor-version":[{"id":20131,"href":"https:\/\/emisora.univalle.edu.co\/index.php\/wp-json\/wp\/v2\/posts\/20129\/revisions\/20131"}],"wp:featuredmedia":[{"embeddable":true,"href":"https:\/\/emisora.univalle.edu.co\/index.php\/wp-json\/wp\/v2\/media\/20130"}],"wp:attachment":[{"href":"https:\/\/emisora.univalle.edu.co\/index.php\/wp-json\/wp\/v2\/media?parent=20129"}],"wp:term":[{"taxonomy":"category","embeddable":true,"href":"https:\/\/emisora.univalle.edu.co\/index.php\/wp-json\/wp\/v2\/categories?post=20129"},{"taxonomy":"post_tag","embeddable":true,"href":"https:\/\/emisora.univalle.edu.co\/index.php\/wp-json\/wp\/v2\/tags?post=20129"}],"curies":[{"name":"wp","href":"https:\/\/api.w.org\/{rel}","templated":true}]}}