{"id":20132,"date":"2018-05-07T18:18:07","date_gmt":"2018-05-07T23:18:07","guid":{"rendered":"https:\/\/emisora.univalle.edu.co\/?p=20132"},"modified":"2018-05-07T18:18:07","modified_gmt":"2018-05-07T23:18:07","slug":"pintemos-juntos-la-transformacion-de-la-educacion-en-cali","status":"publish","type":"post","link":"https:\/\/emisora.univalle.edu.co\/index.php\/pintemos-juntos-la-transformacion-de-la-educacion-en-cali\/","title":{"rendered":"Pintemos juntos la transformaci\u00f3n de la educaci\u00f3n en Cali"},"content":{"rendered":"<p>\u201cLa sede Educativa Jorge Eli\u00e9cer Gait\u00e1n se convierte hoy en uno de los s\u00edmbolos de las 16 Instituciones Educativas Oficiales, que la Alcald\u00eda de Santiago de Cali va a entregar con mejoras de las locaciones y ambientes escolares a nuestros ni\u00f1os, ni\u00f1as y j\u00f3venes. A trav\u00e9s de estos muros y esta pintat\u00f3n, estamos haciendo un acto que representa el compromiso, cuidado y dedicaci\u00f3n que toda la ciudadan\u00eda debe tener para poder garantizar el acceso a una calidad educativa digna\u201d.<\/p>\n<p>As\u00ed lo expres\u00f3 Carolina Campo, subsecretaria de prevenci\u00f3n y cultura ciudadana de Cali, durante la entrega simb\u00f3lica de 16 sedes educativas intervenidas en infraestructura, bajo la l\u00ednea estrat\u00e9gica de Educaci\u00f3n para el Progreso del programa Mi Comunidad es Escuela &#8211; MCEE, en el cual participa la Universidad del Valle como operadora acad\u00e9mica.<\/p>\n<p>La jornada \u201cPintemos juntos la transformaci\u00f3n de la educaci\u00f3n en Cali\u201d fue liderada por el alcalde Maurice Armitage junto al gabinete municipal, periodistas, gestores de cultura ciudadana y la comunidad educativa en general.<\/p>\n<p>En el marco de la actividad, se invit\u00f3 a los medios de comunicaci\u00f3n a \u201cponerle un color distinto a esta noticia\u201d, comprometerse con esta apuesta de ciudad y apadrinarse de una de las instituciones que hace parte del programa MCEE.<\/p>\n<p>Durante el acto, cada miembro del gabinete le entreg\u00f3 una brocha de pintura a un medio de comunicaci\u00f3n, entre los que asistieron El Tiempo, Caracol Radio, Telepac\u00edfico, Canal 14, Semana Educaci\u00f3n, Diario El Pa\u00eds, Diario Occidente, Cali TV, Emisora Polic\u00eda Nacional, Olimpica Stereo y Radio Tiempo. Luego, tanto miembros del gabinete, como medios de comunicaci\u00f3n, estudiantes y padres de familia, le dieron el primer brochazo al mural.<\/p>\n<p>Por otra parte, el subintendente de la Polic\u00eda Nacional e integrante de la Radio Polic\u00eda Nacional, Juli\u00e1n Castillo, manifest\u00f3 que este medio adquiere un compromiso con Mi Comunidad es Escuela para dar a conocer esta apuesta de ciudad y continuar fortaleciendo el sistema educativo, a trav\u00e9s de brindar formaci\u00f3n y orientaci\u00f3n en distintos temas, como el relacionado con el uso de las drogas, para que los ni\u00f1os y j\u00f3venes salgan de este flagelo y no sean instrumentalizados por grupos armados ilegales\u201d.<\/p>\n<p>Ana Cecilia \u00c1lvarez, rectora de la IEO Jorge Eli\u00e9cer Gait\u00e1n, expres\u00f3 \u201cesta es una entrega que estamos esperando hace muchos a\u00f1os. Con este empuj\u00f3n de la Alcald\u00eda de Cali y el Programa Mi Comunidad es Escuela estamos viendo un sue\u00f1o hecho realidad. Al mejorar los ambientes escolares, los estudiantes van a tener un ambiente m\u00e1s agradable, estar\u00e1n dispuestos a recibir conocimientos y se abrir\u00e1n ante nosotros nuevas oportunidades\u201d.<\/p>\n","protected":false},"excerpt":{"rendered":"<p>\u201cLa sede Educativa Jorge Eli\u00e9cer Gait\u00e1n se convierte hoy en uno de los s\u00edmbolos de las 16 Instituciones Educativas Oficiales, que la Alcald\u00eda de Santiago de Cali va a entregar con mejoras de las locaciones y ambientes escolares a nuestros ni\u00f1os, ni\u00f1as y j\u00f3venes. A trav\u00e9s de estos muros y[&#8230;]<\/p>\n","protected":false},"author":1,"featured_media":20133,"comment_status":"open","ping_status":"open","sticky":false,"template":"","format":"standard","meta":{"footnotes":""},"categories":[4],"tags":[],"_links":{"self":[{"href":"https:\/\/emisora.univalle.edu.co\/index.php\/wp-json\/wp\/v2\/posts\/20132"}],"collection":[{"href":"https:\/\/emisora.univalle.edu.co\/index.php\/wp-json\/wp\/v2\/posts"}],"about":[{"href":"https:\/\/emisora.univalle.edu.co\/index.php\/wp-json\/wp\/v2\/types\/post"}],"author":[{"embeddable":true,"href":"https:\/\/emisora.univalle.edu.co\/index.php\/wp-json\/wp\/v2\/users\/1"}],"replies":[{"embeddable":true,"href":"https:\/\/emisora.univalle.edu.co\/index.php\/wp-json\/wp\/v2\/comments?post=20132"}],"version-history":[{"count":1,"href":"https:\/\/emisora.univalle.edu.co\/index.php\/wp-json\/wp\/v2\/posts\/20132\/revisions"}],"predecessor-version":[{"id":20134,"href":"https:\/\/emisora.univalle.edu.co\/index.php\/wp-json\/wp\/v2\/posts\/20132\/revisions\/20134"}],"wp:featuredmedia":[{"embeddable":true,"href":"https:\/\/emisora.univalle.edu.co\/index.php\/wp-json\/wp\/v2\/media\/20133"}],"wp:attachment":[{"href":"https:\/\/emisora.univalle.edu.co\/index.php\/wp-json\/wp\/v2\/media?parent=20132"}],"wp:term":[{"taxonomy":"category","embeddable":true,"href":"https:\/\/emisora.univalle.edu.co\/index.php\/wp-json\/wp\/v2\/categories?post=20132"},{"taxonomy":"post_tag","embeddable":true,"href":"https:\/\/emisora.univalle.edu.co\/index.php\/wp-json\/wp\/v2\/tags?post=20132"}],"curies":[{"name":"wp","href":"https:\/\/api.w.org\/{rel}","templated":true}]}}