{"id":20149,"date":"2018-05-10T08:35:30","date_gmt":"2018-05-10T13:35:30","guid":{"rendered":"https:\/\/emisora.univalle.edu.co\/?p=20149"},"modified":"2018-05-10T08:35:30","modified_gmt":"2018-05-10T13:35:30","slug":"una-paz-que-reconstruya-la-memoria","status":"publish","type":"post","link":"https:\/\/emisora.univalle.edu.co\/index.php\/una-paz-que-reconstruya-la-memoria\/","title":{"rendered":"Una paz que reconstruya la memoria"},"content":{"rendered":"<p>\u201cLa sociedad colombiana est\u00e1 dejando atr\u00e1s un conflicto, el m\u00e1s antiguo del hemisferio occidental, un conflicto pol\u00edtico que algunos han catalogado como una guerra interna que ha generado muerte, llanto, l\u00e1grimas y mucho sufrimiento durante cerca de 60 a\u00f1os. Por fortuna, los diferentes actores de este conflicto, sobre todo el actor pol\u00edtico y armado m\u00e1s importante como lo fueron las FARC, as\u00ed como el Estado, se sentaron a negociar. Despu\u00e9s de varios a\u00f1os de negociaci\u00f3n se logr\u00f3 firmar el \u00faltimo acto de paz. Sabemos que los principales conflictos pol\u00edticos internos del mundo contempor\u00e1neo han sido resueltos a trav\u00e9s de actos de paz y la sociedad colombiana se ha involucrado en la construcci\u00f3n de la paz que tanto anhelamos\u201d.<\/p>\n<p>Con estas palabras, el profesor Luis Carlos Castillo G\u00f3mez, vicerrector administrativo con funciones delegadas de rector, dio apertura al Simposio Internacional &#8216;Conflicto, Memoria y Justicia&#8217;, que organizan la Universidad del Valle, la Pontificia Universidad Javeriana de Cali, la Universidad Aut\u00f3noma de Occidente y la Organizaci\u00f3n Regional Ind\u00edgena del Valle del Cauca ORIVAC.<\/p>\n<p>En el Simposio Internacional, que se realiza en el 9 en la Universidad del Valle y el 11 en la Aut\u00f3noma de Occidente, se discute acerca de la restauraci\u00f3n, tratamiento y papel de la memoria y sus v\u00edctimas dentro del posconflicto en Colombia.<\/p>\n<p>\u201cLa sociedad colombiana quiere la paz, con justicia social, que ponga el \u00e9nfasis fundamentalmente en las v\u00edctimas, una paz con justicia y reparaci\u00f3n. Una paz que por supuesto reconstruya la memoria de las v\u00edctimas para que en este pa\u00eds no se vuelva a repetir el conflicto\u201d, a\u00f1adi\u00f3 el profesor Castillo G\u00f3mez.<\/p>\n<p>Por su parte, Luis Hern\u00e1n P\u00e9rez P\u00e1ez, rector de la Universidad Aut\u00f3noma de Occidente, sostuvo que \u201choy m\u00e1s que nunca se requieren instituciones comprometidas con los retos de toda naturaleza que ha dejado m\u00e1s de medio siglo de lucha fratricida en este pa\u00eds y las universiades son las entidades llamadas a liderar los procesos de formaci\u00f3n ciudadana en pro de una sociedad cada vez mp\u00e1s justa e incluyente\u201d.<\/p>\n<p>As\u00ed mismo, el padre Luis Felipe G\u00f3mez Restrepo, rector de la Pontificia Universidad Javeriana, de Cali, se\u00f1al\u00f3 que \u201cestamos en un momento de transici\u00f3n en el pa\u00eds y no podemos pasar agachados en este momento de la historia. Estamos en una transici\u00f3n, las cuales son siempre son muy complejas y tenemos que tomar riesgos. En este sentido, la universidad tiene que tener una palabra much\u00edsimo m\u00e1s fuerte. La fuerza acad\u00e9mica tiene que tener una palabra viva en el pa\u00eds, especialmente en esta regi\u00f3n que fue un teatro de operaciones de la violencia y ahora debe ser un teatro de operaciones de la paz\u201d.<\/p>\n<p>El padre G\u00f3mez Restrepo termin\u00f3 su intervenci\u00f3n explicando que \u00absi las universidades le damos autonom\u00eda a estas regiones que fueron escenarios de la violencia, a la paz no la detendr\u00e1 nada\u00bb.<\/p>\n<p>Como parte de la apertura del simposio, el fil\u00f3sofo y profesor de la Universidad de Los Andes Sergio de Zubir\u00eda Samper present\u00f3 la conferencia inaugural, &#8216;La recomposici\u00f3n de la memoria en el espacio de la historia nacional sobre el posconflicto&#8217;, en la cual hizo una serie de reflexiones sobre la memoria hist\u00f3rica del conflicto armado en Colombia.<\/p>\n<p><img loading=\"lazy\" decoding=\"async\" class=\"aligncenter\" src=\"http:\/\/www.univalle.edu.co\/images\/sergio-zubiria-simposio-conflicto.JPG\" alt=\"\" width=\"600\" height=\"400\" \/><em>\u00a0 \u00a0 \u00a0 \u00a0 \u00a0 \u00a0 \u00a0 \u00a0 \u00a0 \u00a0 \u00a0 \u00a0 \u00a0 \u00a0 \u00a0 \u00a0 \u00a0 \u00a0 \u00a0 \u00a0 \u00a0 \u00a0 \u00a0 \u00a0 \u00a0 \u00a0 \u00a0 \u00a0Sergio de Zubir\u00eda Samper, fil\u00f3sofo y profesor de la Universidad de Los Andes.<\/em><\/p>\n<p>Comenz\u00f3 por reconocer la importancia del conocimiento de los sectores populares y entre \u00e9stos los de las comunidades ind\u00edgenas y pobladoras de las zonas donde se vivi\u00f3 con mayor intensidad la violencia, a diferencia del modelo modelo eurocentrista, que ha primado en la academia y, desconoce los saberes ancestrales.<\/p>\n<p>Zubir\u00eda Samper se\u00f1al\u00f3 que para el contexto actual, es m\u00e1s formativo preparar a los estudiantes para tramitar los conflictos que mostrarles un \u2018para\u00edso de mermelada\u2019, usando el t\u00e9rmino acu\u00f1ado por Estanislao Zuleta. Hablar y pensar el posacuerdo y el posconflicto debe hacerse desde una mirada polif\u00f3nica. La construcci\u00f3n de la memoria debe ser un proceso colectivo, intersubjetivo, que evite visiones homogeneizadoras y maneje diversos formatos y g\u00e9neros, que sea construida por los olvidados y relegados y no construida por las \u00e9lites, concluy\u00f3.<\/p>\n<p><em>Arriba en la foto: De izq. a der. Delf\u00edn Ignacio Grueso, coordinador del simposio, modera el panel de apertura del Simposio.<\/em><\/p>\n","protected":false},"excerpt":{"rendered":"<p>\u201cLa sociedad colombiana est\u00e1 dejando atr\u00e1s un conflicto, el m\u00e1s antiguo del hemisferio occidental, un conflicto pol\u00edtico que algunos han catalogado como una guerra interna que ha generado muerte, llanto, l\u00e1grimas y mucho sufrimiento durante cerca de 60 a\u00f1os. Por fortuna, los diferentes actores de este conflicto, sobre todo el[&#8230;]<\/p>\n","protected":false},"author":1,"featured_media":20150,"comment_status":"open","ping_status":"open","sticky":false,"template":"","format":"standard","meta":{"footnotes":""},"categories":[4],"tags":[],"_links":{"self":[{"href":"https:\/\/emisora.univalle.edu.co\/index.php\/wp-json\/wp\/v2\/posts\/20149"}],"collection":[{"href":"https:\/\/emisora.univalle.edu.co\/index.php\/wp-json\/wp\/v2\/posts"}],"about":[{"href":"https:\/\/emisora.univalle.edu.co\/index.php\/wp-json\/wp\/v2\/types\/post"}],"author":[{"embeddable":true,"href":"https:\/\/emisora.univalle.edu.co\/index.php\/wp-json\/wp\/v2\/users\/1"}],"replies":[{"embeddable":true,"href":"https:\/\/emisora.univalle.edu.co\/index.php\/wp-json\/wp\/v2\/comments?post=20149"}],"version-history":[{"count":1,"href":"https:\/\/emisora.univalle.edu.co\/index.php\/wp-json\/wp\/v2\/posts\/20149\/revisions"}],"predecessor-version":[{"id":20151,"href":"https:\/\/emisora.univalle.edu.co\/index.php\/wp-json\/wp\/v2\/posts\/20149\/revisions\/20151"}],"wp:featuredmedia":[{"embeddable":true,"href":"https:\/\/emisora.univalle.edu.co\/index.php\/wp-json\/wp\/v2\/media\/20150"}],"wp:attachment":[{"href":"https:\/\/emisora.univalle.edu.co\/index.php\/wp-json\/wp\/v2\/media?parent=20149"}],"wp:term":[{"taxonomy":"category","embeddable":true,"href":"https:\/\/emisora.univalle.edu.co\/index.php\/wp-json\/wp\/v2\/categories?post=20149"},{"taxonomy":"post_tag","embeddable":true,"href":"https:\/\/emisora.univalle.edu.co\/index.php\/wp-json\/wp\/v2\/tags?post=20149"}],"curies":[{"name":"wp","href":"https:\/\/api.w.org\/{rel}","templated":true}]}}