{"id":20167,"date":"2018-05-18T15:21:10","date_gmt":"2018-05-18T20:21:10","guid":{"rendered":"https:\/\/emisora.univalle.edu.co\/?p=20167"},"modified":"2018-05-18T15:21:10","modified_gmt":"2018-05-18T20:21:10","slug":"los-50-anos-de-mayo-del-68","status":"publish","type":"post","link":"https:\/\/emisora.univalle.edu.co\/index.php\/los-50-anos-de-mayo-del-68\/","title":{"rendered":"Los 50 a\u00f1os de \u00abMayo del 68\u00bb"},"content":{"rendered":"<p>La Universidad del Valle conmemorar\u00e1 los 50 a\u00f1os de \u201cMayo del 68\u201d, a trav\u00e9s de una programaci\u00f3n acad\u00e9mica y cultural que resalte los hechos y procesos m\u00e1s destacados de esta \u00e9poca.<\/p>\n<p>Esta conmemoraci\u00f3n es organizada por el Departamento de Historia de la Facultad de Humanidades, con el apoyo de la Escuela de Estudios Literarios, el Departamento de Filosof\u00eda, la Escuela de Trabajo Social y Desarrollo Humano, la Escuela de Ciencias del Lenguaje, el Centro Virtual Isaacs, la Asociaci\u00f3n de Profesores Universitarios &#8211; ASPU y a la Biblioteca Mario Carvajal.<\/p>\n<p>En 1968 se sacudi\u00f3 el mundo. Una juventud con ideas renovadas le exigi\u00f3 a las instituciones, a las tradiciones, a los c\u00edrculos de poder, a los sistemas pol\u00edticos, una renovaci\u00f3n de pensamiento, una soluci\u00f3n a la marginalidad tradicional que caracterizaba la vida, una opci\u00f3n por la libertad, por la paz, por la dignificaci\u00f3n de mujeres, afros, estudiantes, pobres y marginados.<\/p>\n<p>Los sistemas pol\u00edticos liberales y de izquierda empezaron a mostrar una crisis profunda mientras la desigualdad y la pobreza segu\u00edan rondando por los mal llamados pa\u00edses No Alineados -NOAL. Fue un a\u00f1o que empez\u00f3 a marcar el inicio de las grandes dictaduras en Am\u00e9rica Latina, el a\u00f1o que mostr\u00f3 la crisis del sistema sovi\u00e9tico.<\/p>\n<p>Una efusi\u00f3n de contraculturas reflejaba un nuevo esp\u00edritu art\u00edstico en el que el cuerpo y los sentidos fueron el lienzo de expresi\u00f3n de nuevos sentires, mientras la intelectualidad, los estudiantes, los universitarios, los j\u00f3venes y los obreros se volcaron a las calles a exigir un cambio estructural de la sociedad. Los ecos de todos estos procesos renovadores se hicieron sentir en diversas partes del globo y a lo largo de la d\u00e9cada de los 70, marcando la identidad pol\u00edtica y cultural de una juventud que con esp\u00edritu cr\u00edtico renov\u00f3 la mentalidad de una \u00e9poca.<\/p>\n<p>Para iniciar, el comit\u00e9 organizador del aniversario de \u201cMayo del 68\u201d, dio a conocer su campa\u00f1a de expectativa con el dise\u00f1o de unos carteles.<\/p>\n<p><a href=\"https:\/\/drive.google.com\/open?id=0B7dKVO0ahyE3VVduQ241OHJ2N3NiU3U3RVNBby1ORmhNRDZR\" target=\"_blank\" rel=\"noopener\"><strong>Ver programaci\u00f3n<\/strong><\/a><\/p>\n","protected":false},"excerpt":{"rendered":"<p>La Universidad del Valle conmemorar\u00e1 los 50 a\u00f1os de \u201cMayo del 68\u201d, a trav\u00e9s de una programaci\u00f3n acad\u00e9mica y cultural que resalte los hechos y procesos m\u00e1s destacados de esta \u00e9poca. Esta conmemoraci\u00f3n es organizada por el Departamento de Historia de la Facultad de Humanidades, con el apoyo de la[&#8230;]<\/p>\n","protected":false},"author":1,"featured_media":20168,"comment_status":"open","ping_status":"open","sticky":false,"template":"","format":"standard","meta":{"footnotes":""},"categories":[4],"tags":[],"_links":{"self":[{"href":"https:\/\/emisora.univalle.edu.co\/index.php\/wp-json\/wp\/v2\/posts\/20167"}],"collection":[{"href":"https:\/\/emisora.univalle.edu.co\/index.php\/wp-json\/wp\/v2\/posts"}],"about":[{"href":"https:\/\/emisora.univalle.edu.co\/index.php\/wp-json\/wp\/v2\/types\/post"}],"author":[{"embeddable":true,"href":"https:\/\/emisora.univalle.edu.co\/index.php\/wp-json\/wp\/v2\/users\/1"}],"replies":[{"embeddable":true,"href":"https:\/\/emisora.univalle.edu.co\/index.php\/wp-json\/wp\/v2\/comments?post=20167"}],"version-history":[{"count":1,"href":"https:\/\/emisora.univalle.edu.co\/index.php\/wp-json\/wp\/v2\/posts\/20167\/revisions"}],"predecessor-version":[{"id":20169,"href":"https:\/\/emisora.univalle.edu.co\/index.php\/wp-json\/wp\/v2\/posts\/20167\/revisions\/20169"}],"wp:featuredmedia":[{"embeddable":true,"href":"https:\/\/emisora.univalle.edu.co\/index.php\/wp-json\/wp\/v2\/media\/20168"}],"wp:attachment":[{"href":"https:\/\/emisora.univalle.edu.co\/index.php\/wp-json\/wp\/v2\/media?parent=20167"}],"wp:term":[{"taxonomy":"category","embeddable":true,"href":"https:\/\/emisora.univalle.edu.co\/index.php\/wp-json\/wp\/v2\/categories?post=20167"},{"taxonomy":"post_tag","embeddable":true,"href":"https:\/\/emisora.univalle.edu.co\/index.php\/wp-json\/wp\/v2\/tags?post=20167"}],"curies":[{"name":"wp","href":"https:\/\/api.w.org\/{rel}","templated":true}]}}