{"id":20173,"date":"2018-05-18T15:23:00","date_gmt":"2018-05-18T20:23:00","guid":{"rendered":"https:\/\/emisora.univalle.edu.co\/?p=20173"},"modified":"2018-05-18T15:23:00","modified_gmt":"2018-05-18T20:23:00","slug":"debates-trans-contemporaneos","status":"publish","type":"post","link":"https:\/\/emisora.univalle.edu.co\/index.php\/debates-trans-contemporaneos\/","title":{"rendered":"Debates Trans contempor\u00e1neos"},"content":{"rendered":"<div dir=\"ltr\">\n<div>El Centro de Investigaciones y Estudios de G\u00e9nero, Mujer y Sociedad invita a toda la comunidad universitaria a participar de la conferencia<b>\u00a0\u00abDebates Trans contempor\u00e1neos\u00bb<\/b>, a cargo de\u00a0<b>Natalia Salas<\/b>, en el marco de los Mi\u00e9rcoles de G\u00e9nero, Pluralidad y Diversidades, el mi\u00e9rcoles 23 de mayo.<\/div>\n<div><\/div>\n<div>Natalia Salas es economista de la Universidad Icesi y mag\u00edster en derecho de la misma instituci\u00f3n. Tambi\u00e9n es mag\u00edster en pol\u00edticas p\u00fablicas de la Universidad del Valle y ponente en varios congresos y coloquios nacionales de estudios de g\u00e9nero. Su ponencia\u00a0apelar\u00e1 a una metodolog\u00eda (auto)etnogr\u00e1fica para exponer las interacciones con burocracias p\u00fablicas y sistemas administrativos de salud, justicia e identificaci\u00f3n que subyacen a la exigencia de modificaciones corporales centrales a la identidad de g\u00e9nero y cambio de documentos legales.<\/div>\n<div><\/div>\n<div>Tambi\u00e9n se expondr\u00e1 el uso del discurso de derechos para acceder a reivindicaciones y los mecanismos de representaci\u00f3n y movilizaci\u00f3n de la poblaci\u00f3n en estos escenarios. Se concluir\u00e1 con una aproximaci\u00f3n a los discursos hegem\u00f3nicos de la feminidad que permean las construcciones identitarias trans.<\/div>\n<div><\/div>\n<div><strong>Fecha:<\/strong>\u00a0Mi\u00e9rcoles 23 de mayo\/2018<\/div>\n<div><strong>Hora:<\/strong>\u00a02:00 a 5:00\u00a0 p.m.<\/div>\n<div><strong>Lugar<\/strong>: Auditorio Germ\u00e1n Colmenares.<\/div>\n<div>Facultad de Humanidades.<\/div>\n<div>Universidad del Valle.<\/div>\n<div>Sede Mel\u00e9ndez.<\/div>\n<div><\/div>\n<p><strong>Informes<\/strong>:<\/div>\n<div dir=\"ltr\">\n<div class=\"m_-9109028954073882926m_4317477151810483379gmail_signature\">\n<div dir=\"ltr\">\n<div dir=\"ltr\">\n<div dir=\"ltr\">\n<div dir=\"ltr\">\n<div dir=\"ltr\"><b>Centro de Investigaciones y Estudios de G\u00e9nero, Mujer y Sociedad<br \/>\nUniversidad del Valle<\/b><br \/>\n<b>3212100 Ext: 2768<\/b><\/div>\n<\/div>\n<\/div>\n<\/div>\n<\/div>\n<\/div>\n<\/div>\n","protected":false},"excerpt":{"rendered":"<p>El Centro de Investigaciones y Estudios de G\u00e9nero, Mujer y Sociedad invita a toda la comunidad universitaria a participar de la conferencia\u00a0\u00abDebates Trans contempor\u00e1neos\u00bb, a cargo de\u00a0Natalia Salas, en el marco de los Mi\u00e9rcoles de G\u00e9nero, Pluralidad y Diversidades, el mi\u00e9rcoles 23 de mayo. Natalia Salas es economista de la[&#8230;]<\/p>\n","protected":false},"author":1,"featured_media":20174,"comment_status":"open","ping_status":"open","sticky":false,"template":"","format":"standard","meta":{"footnotes":""},"categories":[4],"tags":[],"_links":{"self":[{"href":"https:\/\/emisora.univalle.edu.co\/index.php\/wp-json\/wp\/v2\/posts\/20173"}],"collection":[{"href":"https:\/\/emisora.univalle.edu.co\/index.php\/wp-json\/wp\/v2\/posts"}],"about":[{"href":"https:\/\/emisora.univalle.edu.co\/index.php\/wp-json\/wp\/v2\/types\/post"}],"author":[{"embeddable":true,"href":"https:\/\/emisora.univalle.edu.co\/index.php\/wp-json\/wp\/v2\/users\/1"}],"replies":[{"embeddable":true,"href":"https:\/\/emisora.univalle.edu.co\/index.php\/wp-json\/wp\/v2\/comments?post=20173"}],"version-history":[{"count":1,"href":"https:\/\/emisora.univalle.edu.co\/index.php\/wp-json\/wp\/v2\/posts\/20173\/revisions"}],"predecessor-version":[{"id":20175,"href":"https:\/\/emisora.univalle.edu.co\/index.php\/wp-json\/wp\/v2\/posts\/20173\/revisions\/20175"}],"wp:featuredmedia":[{"embeddable":true,"href":"https:\/\/emisora.univalle.edu.co\/index.php\/wp-json\/wp\/v2\/media\/20174"}],"wp:attachment":[{"href":"https:\/\/emisora.univalle.edu.co\/index.php\/wp-json\/wp\/v2\/media?parent=20173"}],"wp:term":[{"taxonomy":"category","embeddable":true,"href":"https:\/\/emisora.univalle.edu.co\/index.php\/wp-json\/wp\/v2\/categories?post=20173"},{"taxonomy":"post_tag","embeddable":true,"href":"https:\/\/emisora.univalle.edu.co\/index.php\/wp-json\/wp\/v2\/tags?post=20173"}],"curies":[{"name":"wp","href":"https:\/\/api.w.org\/{rel}","templated":true}]}}