{"id":20176,"date":"2018-05-18T15:23:51","date_gmt":"2018-05-18T20:23:51","guid":{"rendered":"https:\/\/emisora.univalle.edu.co\/?p=20176"},"modified":"2018-05-18T15:23:51","modified_gmt":"2018-05-18T20:23:51","slug":"la-paz-estreno-teatral-de-aristofanes-en-univalle","status":"publish","type":"post","link":"https:\/\/emisora.univalle.edu.co\/index.php\/la-paz-estreno-teatral-de-aristofanes-en-univalle\/","title":{"rendered":"&#8216;La paz&#8217;, estreno teatral de Arist\u00f3fanes en Univalle"},"content":{"rendered":"<p>El Departamento de Artes Esc\u00e9nicas de la Universidad del Valle presenta el estreno de La paz de Arist\u00f3fanes, una reflexi\u00f3n cl\u00e1sica sobre un tema de gran actualidad en Colombia. La funci\u00f3n tendr\u00e1 lugar los d\u00edas 18 y 19 de mayo, en la Sala de Teatro Univalle, auditorio 4.<\/p>\n<p>La paz es una de las comedias m\u00e1s importantes de Arist\u00f3fanes, el dramaturgo griego que desarroll\u00f3 ampliamente el g\u00e9nero de la comedia, con obras sat\u00edricas como Las nubes, Lis\u00edstrata y Pluto. La comedia cuenta como un vi\u00f1ador llamado Trigeo, cansado de la guerra, decide subir al Olimpo montado en un escarabajo para tratar de convencer al dios Zeus de que implante la paz. A su llegada se encuentra con Hermes (Dios mensajero) quien le informa que la paz ha sido apresada por P\u00f3lemo (Dios de la guerra) a quien los dioses han dejado en el mando de toda Grecia. Trigeo emprender\u00e1 la misi\u00f3n de rescatar la paz para devolver la tranquilidad a sus ciudadanos.<\/p>\n<p>El espect\u00e1culo est\u00e1 a cargo de los estudiantes de sexto semestre de la Licenciatura en Arte Dram\u00e1tico de la Universidad del Valle, bajo la direcci\u00f3n del maestro Gabriel Uribe, actor, director teatral y titiritero, quien ha llevado a escena espect\u00e1culos como El P\u00fablico, Las bacantes, Rosencrantz y Guildenstern han muerto y 1948 fracaso de una utop\u00eda popular. Como actor perteneci\u00f3 muchos a\u00f1os a TEC y recientemente participa de El Idiota de Chern\u00f3bil con el Laboratorio Esc\u00e9nico de Univalle.<\/p>\n<p><strong>Fecha:<\/strong>\u00a018 y 19 de Mayo<\/p>\n<p><strong>Lugar:<\/strong>\u00a0Sala de teatro Univalle (auditorio 4)<\/p>\n<p><strong>Hora:<\/strong>\u00a05:30 p.m.<\/p>\n<p><strong>Informaci\u00f3n:<\/strong>\u00a0http:\/\/escenicas.univalle.edu.co\/<\/p>\n","protected":false},"excerpt":{"rendered":"<p>El Departamento de Artes Esc\u00e9nicas de la Universidad del Valle presenta el estreno de La paz de Arist\u00f3fanes, una reflexi\u00f3n cl\u00e1sica sobre un tema de gran actualidad en Colombia. La funci\u00f3n tendr\u00e1 lugar los d\u00edas 18 y 19 de mayo, en la Sala de Teatro Univalle, auditorio 4. La paz[&#8230;]<\/p>\n","protected":false},"author":1,"featured_media":20177,"comment_status":"open","ping_status":"open","sticky":false,"template":"","format":"standard","meta":{"footnotes":""},"categories":[4],"tags":[],"_links":{"self":[{"href":"https:\/\/emisora.univalle.edu.co\/index.php\/wp-json\/wp\/v2\/posts\/20176"}],"collection":[{"href":"https:\/\/emisora.univalle.edu.co\/index.php\/wp-json\/wp\/v2\/posts"}],"about":[{"href":"https:\/\/emisora.univalle.edu.co\/index.php\/wp-json\/wp\/v2\/types\/post"}],"author":[{"embeddable":true,"href":"https:\/\/emisora.univalle.edu.co\/index.php\/wp-json\/wp\/v2\/users\/1"}],"replies":[{"embeddable":true,"href":"https:\/\/emisora.univalle.edu.co\/index.php\/wp-json\/wp\/v2\/comments?post=20176"}],"version-history":[{"count":1,"href":"https:\/\/emisora.univalle.edu.co\/index.php\/wp-json\/wp\/v2\/posts\/20176\/revisions"}],"predecessor-version":[{"id":20178,"href":"https:\/\/emisora.univalle.edu.co\/index.php\/wp-json\/wp\/v2\/posts\/20176\/revisions\/20178"}],"wp:featuredmedia":[{"embeddable":true,"href":"https:\/\/emisora.univalle.edu.co\/index.php\/wp-json\/wp\/v2\/media\/20177"}],"wp:attachment":[{"href":"https:\/\/emisora.univalle.edu.co\/index.php\/wp-json\/wp\/v2\/media?parent=20176"}],"wp:term":[{"taxonomy":"category","embeddable":true,"href":"https:\/\/emisora.univalle.edu.co\/index.php\/wp-json\/wp\/v2\/categories?post=20176"},{"taxonomy":"post_tag","embeddable":true,"href":"https:\/\/emisora.univalle.edu.co\/index.php\/wp-json\/wp\/v2\/tags?post=20176"}],"curies":[{"name":"wp","href":"https:\/\/api.w.org\/{rel}","templated":true}]}}