{"id":20179,"date":"2018-05-18T15:35:38","date_gmt":"2018-05-18T20:35:38","guid":{"rendered":"https:\/\/emisora.univalle.edu.co\/?p=20179"},"modified":"2018-05-18T15:37:14","modified_gmt":"2018-05-18T20:37:14","slug":"el-libro-del-clasico-vallecaucano-capitulo-282","status":"publish","type":"post","link":"https:\/\/emisora.univalle.edu.co\/index.php\/el-libro-del-clasico-vallecaucano-capitulo-282\/","title":{"rendered":"El libro del cl\u00e1sico vallecaucano, cap\u00edtulo 282"},"content":{"rendered":"<p>Cr\u00f3nica del cl\u00e1sico 282 por Felipe Delgado Rodr\u00edguez del programa Punto Deportivo de nuestra emisora.<\/p>\n<p>Esta pieza radial los llevar\u00e1 en un viaje por el tiempo, al pasado. Para recordar la verdadera esencia del cl\u00e1sico que m\u00e1s veces se ha disputado en Colombia: Am\u00e9rica de Cali vs Deportivo Cali.<\/p>\n<p>Encontrar\u00e1n entrevistas realizadas a grandes glorias de los dos equipos vallecaucanos que recordaran lo mejor de los cl\u00e1sicos de anta\u00f1o.<\/p>\n<p><iframe loading=\"lazy\" id=\"audio_26056715\" style=\"border: 1px solid #EEE; box-sizing: border-box; width: 100%;\" src=\"https:\/\/www.ivoox.com\/player_ej_26056715_4_1.html?c1=ff6600\" width=\"300\" height=\"200\" frameborder=\"0\" scrolling=\"no\" allowfullscreen=\"allowfullscreen\"><\/iframe><\/p>\n","protected":false},"excerpt":{"rendered":"<p>Cr\u00f3nica del cl\u00e1sico 282 por Felipe Delgado Rodr\u00edguez del programa Punto Deportivo de nuestra emisora. Esta pieza radial los llevar\u00e1 en un viaje por el tiempo, al pasado. Para recordar la verdadera esencia del cl\u00e1sico que m\u00e1s veces se ha disputado en Colombia: Am\u00e9rica de Cali vs Deportivo Cali. Encontrar\u00e1n[&#8230;]<\/p>\n","protected":false},"author":1,"featured_media":20180,"comment_status":"open","ping_status":"open","sticky":false,"template":"","format":"standard","meta":{"footnotes":""},"categories":[4],"tags":[],"_links":{"self":[{"href":"https:\/\/emisora.univalle.edu.co\/index.php\/wp-json\/wp\/v2\/posts\/20179"}],"collection":[{"href":"https:\/\/emisora.univalle.edu.co\/index.php\/wp-json\/wp\/v2\/posts"}],"about":[{"href":"https:\/\/emisora.univalle.edu.co\/index.php\/wp-json\/wp\/v2\/types\/post"}],"author":[{"embeddable":true,"href":"https:\/\/emisora.univalle.edu.co\/index.php\/wp-json\/wp\/v2\/users\/1"}],"replies":[{"embeddable":true,"href":"https:\/\/emisora.univalle.edu.co\/index.php\/wp-json\/wp\/v2\/comments?post=20179"}],"version-history":[{"count":3,"href":"https:\/\/emisora.univalle.edu.co\/index.php\/wp-json\/wp\/v2\/posts\/20179\/revisions"}],"predecessor-version":[{"id":20183,"href":"https:\/\/emisora.univalle.edu.co\/index.php\/wp-json\/wp\/v2\/posts\/20179\/revisions\/20183"}],"wp:featuredmedia":[{"embeddable":true,"href":"https:\/\/emisora.univalle.edu.co\/index.php\/wp-json\/wp\/v2\/media\/20180"}],"wp:attachment":[{"href":"https:\/\/emisora.univalle.edu.co\/index.php\/wp-json\/wp\/v2\/media?parent=20179"}],"wp:term":[{"taxonomy":"category","embeddable":true,"href":"https:\/\/emisora.univalle.edu.co\/index.php\/wp-json\/wp\/v2\/categories?post=20179"},{"taxonomy":"post_tag","embeddable":true,"href":"https:\/\/emisora.univalle.edu.co\/index.php\/wp-json\/wp\/v2\/tags?post=20179"}],"curies":[{"name":"wp","href":"https:\/\/api.w.org\/{rel}","templated":true}]}}