{"id":20184,"date":"2018-05-22T15:37:47","date_gmt":"2018-05-22T20:37:47","guid":{"rendered":"https:\/\/emisora.univalle.edu.co\/?p=20184"},"modified":"2018-05-22T15:37:47","modified_gmt":"2018-05-22T20:37:47","slug":"conflicto-y-paz-desafios-para-documentar-la-paz-en-el-terreno","status":"publish","type":"post","link":"https:\/\/emisora.univalle.edu.co\/index.php\/conflicto-y-paz-desafios-para-documentar-la-paz-en-el-terreno\/","title":{"rendered":"Conflicto y Paz: desaf\u00edos para documentar la paz en el terreno"},"content":{"rendered":"<p>\u00bfQu\u00e9 desaf\u00edos est\u00e1 afrontando la implementaci\u00f3n del Acuerdo de paz en Colombia?, \u00bfqu\u00e9 transformaciones se est\u00e1n generando en los territorios?, \u00bfcu\u00e1les son las causas asociadas con las muertes de los l\u00edderes sociales que se han incrementado en las regiones?, \u00bfen qu\u00e9 zonas se est\u00e1n generando experiencias notables de reconciliaci\u00f3n?, \u00bfqu\u00e9 mecanismos podr\u00eda construir la sociedad civil para que se garantice el cumplimiento de lo pactado en La Habana?<\/p>\n<p>Estas son algunas de las preguntas que pondremos en di\u00e1logo en el marco de la conferencia\u00a0<strong>\u00abConflicto y Paz: desaf\u00edos para documentar la paz en el terreno\u00bb<\/strong>, que dictar\u00e1 la periodista Gloria Castrill\u00f3n, directora del programa Colombia 2020 de El Espectador. Estar\u00e1 en la Universidad del Valle invitada por la Escuela de Comunicaci\u00f3n Social y el Grupo de Investigaci\u00f3n en Periodismo e Informaci\u00f3n.<\/p>\n<p>Gloria Castrill\u00f3n es periodista con estudios de maestr\u00eda en Asuntos Internacionales y Resoluci\u00f3n de Conflictos de la Universidad Externado de Colombia. Actualmente dirige una iniciativa period\u00edstica y pedag\u00f3gica de El Espectador para el posconflicto. Con 25 a\u00f1os de experiencia profesional, se ha dedicado en los \u00faltimos a\u00f1os al cubrimiento del conflicto armado y las negociaciones de paz con las Farc, el Eln y las Auc.<br \/>\nFue editora de investigaciones de la revista Cromos, ha trabajado en el portal Votebien.com de Publicaciones Semana, en El Espectador y Vanguardia Liberal. Ha sido docente en varias universidades. Es tallerista en temas de cubrimiento del conflicto armado, paz, derechos humanos, memoria hist\u00f3rica y g\u00e9nero. Es directiva y fundadora de la asociaci\u00f3n Consejo de Redacci\u00f3n. Coautora de los manuales \u201cPistas para narrar la paz\u201d y \u201cPistas para narrar la memoria\u201d, y editora del libro \u201c12 historias que nos deja la guerra\u201d.<br \/>\nSer\u00e1 esta una gran ocasi\u00f3n para pensar colectivamente acerca de la construcci\u00f3n de paz en los territorios.<\/p>\n<p><strong>Mi\u00e9rcoles, 23 de mayo de 2018<\/strong><br \/>\n<strong>Hora: 10:00 am<\/strong><br \/>\n<strong>Lugar: Auditorio Germ\u00e1n Colmenares\u00a0<\/strong><br \/>\n<strong>Campus de Mel\u00e9ndez \u2013 Universidad del Valle<\/strong><br \/>\n<strong>Invita: Grupo de Investigaci\u00f3n en Periodismo e Informaci\u00f3n<\/strong><\/p>\n","protected":false},"excerpt":{"rendered":"<p>\u00bfQu\u00e9 desaf\u00edos est\u00e1 afrontando la implementaci\u00f3n del Acuerdo de paz en Colombia?, \u00bfqu\u00e9 transformaciones se est\u00e1n generando en los territorios?, \u00bfcu\u00e1les son las causas asociadas con las muertes de los l\u00edderes sociales que se han incrementado en las regiones?, \u00bfen qu\u00e9 zonas se est\u00e1n generando experiencias notables de reconciliaci\u00f3n?, \u00bfqu\u00e9[&#8230;]<\/p>\n","protected":false},"author":1,"featured_media":20185,"comment_status":"open","ping_status":"open","sticky":false,"template":"","format":"standard","meta":{"footnotes":""},"categories":[4],"tags":[],"_links":{"self":[{"href":"https:\/\/emisora.univalle.edu.co\/index.php\/wp-json\/wp\/v2\/posts\/20184"}],"collection":[{"href":"https:\/\/emisora.univalle.edu.co\/index.php\/wp-json\/wp\/v2\/posts"}],"about":[{"href":"https:\/\/emisora.univalle.edu.co\/index.php\/wp-json\/wp\/v2\/types\/post"}],"author":[{"embeddable":true,"href":"https:\/\/emisora.univalle.edu.co\/index.php\/wp-json\/wp\/v2\/users\/1"}],"replies":[{"embeddable":true,"href":"https:\/\/emisora.univalle.edu.co\/index.php\/wp-json\/wp\/v2\/comments?post=20184"}],"version-history":[{"count":1,"href":"https:\/\/emisora.univalle.edu.co\/index.php\/wp-json\/wp\/v2\/posts\/20184\/revisions"}],"predecessor-version":[{"id":20186,"href":"https:\/\/emisora.univalle.edu.co\/index.php\/wp-json\/wp\/v2\/posts\/20184\/revisions\/20186"}],"wp:featuredmedia":[{"embeddable":true,"href":"https:\/\/emisora.univalle.edu.co\/index.php\/wp-json\/wp\/v2\/media\/20185"}],"wp:attachment":[{"href":"https:\/\/emisora.univalle.edu.co\/index.php\/wp-json\/wp\/v2\/media?parent=20184"}],"wp:term":[{"taxonomy":"category","embeddable":true,"href":"https:\/\/emisora.univalle.edu.co\/index.php\/wp-json\/wp\/v2\/categories?post=20184"},{"taxonomy":"post_tag","embeddable":true,"href":"https:\/\/emisora.univalle.edu.co\/index.php\/wp-json\/wp\/v2\/tags?post=20184"}],"curies":[{"name":"wp","href":"https:\/\/api.w.org\/{rel}","templated":true}]}}