{"id":20193,"date":"2018-05-22T15:42:08","date_gmt":"2018-05-22T20:42:08","guid":{"rendered":"https:\/\/emisora.univalle.edu.co\/?p=20193"},"modified":"2018-05-22T15:42:08","modified_gmt":"2018-05-22T20:42:08","slug":"nuevos-programas-academicos-se-preparan-en-tulua","status":"publish","type":"post","link":"https:\/\/emisora.univalle.edu.co\/index.php\/nuevos-programas-academicos-se-preparan-en-tulua\/","title":{"rendered":"Nuevos programas acad\u00e9micos se preparan en Tulu\u00e1"},"content":{"rendered":"<p><span class=\"authorPost\">Agencia de Noticias Univalle<\/span><\/p>\n<div class=\"itemFullText\">\n<p>\u201cHay un buen desarrollo en la creaci\u00f3n del programa de nutrici\u00f3n que cuenta con el apoyo de la Facultad de Salud y se est\u00e1 trabajando para su aprobaci\u00f3n ante las instancias internas y el Ministerio de Educaci\u00f3n. Esto busca amplificar la oferta acad\u00e9mica de la Universidad del Valle\u201d, manifest\u00f3 el rector Edgar Varela Barrios durante su visita a la sede Tulu\u00e1.<\/p>\n<p>Se tiene previsto abrir el programa de Nutrici\u00f3n para 2019 as\u00ed como el programa de Ingenier\u00eda de Alimentos para el cual se acord\u00f3 adelantar los tr\u00e1mites en el Ministerio de Educaci\u00f3n. \u201cSon carreras que tienen mucho en com\u00fan con las ciencias de la vida y de la salud y que van a contribuir a darle un enfoque diferenciador muy positivo al centro del Valle del Cauca\u201d, coment\u00f3 el directivo.<\/p>\n<p>En su opini\u00f3n, Tulu\u00e1 y Buga deben ser dos sedes con capacidad para promover programas en el campo de las ciencias de la vida y de la salud desarrollando lo que hay actualmente en Tecnolog\u00eda de Alimentos.<\/p>\n<p>Expres\u00f3 que otra iniciativa muy v\u00e1lida y en donde hay profesores de dos \u00e1reas, es el programa de construcci\u00f3n en ingenier\u00eda y arquitectura que tiene un nuevo registro ante el Ministerio. \u201cEs una carrera de tipo h\u00edbrido que permitir\u00e1 la profesionalizaci\u00f3n en un campo complementario entre las dos disciplinas. Estamos haciendo el esfuerzo porque esta iniciativa se arraigue en Tulu\u00e1 y la ciudad sea pionera con este nuevo programa como lo ser\u00e1 tambi\u00e9n con el de nutrici\u00f3n\u201d, explic\u00f3.<\/p>\n<p>Con el fin de conocer el desarrollo de diversos proyectos de orden acad\u00e9mico y administrativo, el rector Varela Barrios se entrevist\u00f3 con la profesora Libia Soto, directora de la sede, docentes y grupos de estudiantes que participaron en la XXII Semana de la Expresi\u00f3n Universitaria.<\/p>\n<p>\u201cEn el evento de expresi\u00f3n y emprendimiento pude apreciar trabajos muy innovadores de los estudiantes de Tecnolog\u00eda de Alimentos que est\u00e1n abiertos a la observaci\u00f3n de la ciudadan\u00eda y tambi\u00e9n me pareci\u00f3 muy interesante el proyecto de recuperaci\u00f3n de los parques y su inventario, un trabajo que integra a los estudiantes y profesores de Univalle en Tulu\u00e1, a la comunidad, el sector privado y la Alcald\u00eda para lograr la recuperaci\u00f3n completa e integral de estos espacios p\u00fablicos a muy bajo costo\u201d, coment\u00f3 el profesor Varela Barrios.<\/p>\n<p>Dijo que proyectos como este demuestran el fuerte v\u00ednculo que tiene no solo la sede Tulu\u00e1 de Univalle con su entorno social e institucional, sino el de todas las sedes regionales, las cuales tienen un importante grado de penetraci\u00f3n e interacci\u00f3n con sus subregiones.<\/p>\n<p><img loading=\"lazy\" decoding=\"async\" class=\"aligncenter\" src=\"http:\/\/www.univalle.edu.co\/images\/semana-expresion-tulua-2018-02.JPG\" alt=\"\" width=\"600\" height=\"400\" \/><\/p>\n<p>Expres\u00f3 el benepl\u00e1cito de la direcci\u00f3n y los miembros de la comunidad universitaria univalluna por las buenas condiciones f\u00edsicas y el ornato de las sedes el cual se debe, seg\u00fan \u00e9l rector en gran medida al cuidado y valoraci\u00f3n por parte de los propios estudiantes, de los espacios y mobiliarios de los campus: \u201cNo hay un solo letrero y todos los miembros de las comunidades en cada sede tienen un comportamiento ejemplar, muy solidario. Los funcionarios de nuestra instituci\u00f3n y tambi\u00e9n la Fundaci\u00f3n de Tulu\u00e1 trabajan con bastante entusiasmo y m\u00edstica. Esta se comparte por el grueso del profesorado y est\u00e1 bajo el liderazgo de la profesora Libia Soto\u201d, se\u00f1al\u00f3.<\/p>\n<p>El directivo expres\u00f3 que continuar\u00e1 visitando las sedes de la Universidad con el fin de contar con una relaci\u00f3n directa con los proyectos y obras en ejecuci\u00f3n y apoyar el proceso de fortalecimiento del Sistema Regional de Univalle.<\/p>\n<p>Record\u00f3 que es oriundo de Tulu\u00e1 y que disfrut\u00f3 durante sus a\u00f1os de infancia de un espacio familiar y muchas horas de grata lectura en la biblioteca municipal de esta poblaci\u00f3n, as\u00ed como del acercamiento temprano a los espacios de la intelectualidad tulue\u00f1a. Se declar\u00f3 complacido no solo por el progreso de la ciudad Coraz\u00f3n del Valle sino del de la sede de Univalle. Resalt\u00f3 que esta sede es pionera en los posgrados y que cuenta con casi 1.600 estudiantes y semilleros de investigaci\u00f3n con un trabajo que busca que, junto a las otras nueve sedes, se consolide m\u00e1s el sistema y transite a un esquema m\u00e1s integrado para que todas las \u00e1reas: investigaci\u00f3n, formaci\u00f3n, extensi\u00f3n, los posgrados y la intervenci\u00f3n social se consoliden. \u201cEn esto Tulu\u00e1 le da ejemplo al resto de sedes de nuestra universidad\u201d, resalt\u00f3.<\/p>\n<p>El rector hizo una invitaci\u00f3n a los vallecaucanos a participar en octubre en el Festival del Mate y el Guarapo de Tulu\u00e1 que despu\u00e9s de m\u00e1s de 25 a\u00f1os de realizaci\u00f3n se ha ido convirtiendo en una tradici\u00f3n de la ciudad. \u201cSon eventos en los que la ciudadan\u00eda, la administraci\u00f3n p\u00fablica y las empresas se integran en una festividad de gran representatividad cultural\u201d, expres\u00f3.<\/p>\n<\/div>\n","protected":false},"excerpt":{"rendered":"<p>Agencia de Noticias Univalle \u201cHay un buen desarrollo en la creaci\u00f3n del programa de nutrici\u00f3n que cuenta con el apoyo de la Facultad de Salud y se est\u00e1 trabajando para su aprobaci\u00f3n ante las instancias internas y el Ministerio de Educaci\u00f3n. Esto busca amplificar la oferta acad\u00e9mica de la Universidad[&#8230;]<\/p>\n","protected":false},"author":1,"featured_media":20194,"comment_status":"open","ping_status":"open","sticky":false,"template":"","format":"standard","meta":{"footnotes":""},"categories":[4],"tags":[],"_links":{"self":[{"href":"https:\/\/emisora.univalle.edu.co\/index.php\/wp-json\/wp\/v2\/posts\/20193"}],"collection":[{"href":"https:\/\/emisora.univalle.edu.co\/index.php\/wp-json\/wp\/v2\/posts"}],"about":[{"href":"https:\/\/emisora.univalle.edu.co\/index.php\/wp-json\/wp\/v2\/types\/post"}],"author":[{"embeddable":true,"href":"https:\/\/emisora.univalle.edu.co\/index.php\/wp-json\/wp\/v2\/users\/1"}],"replies":[{"embeddable":true,"href":"https:\/\/emisora.univalle.edu.co\/index.php\/wp-json\/wp\/v2\/comments?post=20193"}],"version-history":[{"count":1,"href":"https:\/\/emisora.univalle.edu.co\/index.php\/wp-json\/wp\/v2\/posts\/20193\/revisions"}],"predecessor-version":[{"id":20195,"href":"https:\/\/emisora.univalle.edu.co\/index.php\/wp-json\/wp\/v2\/posts\/20193\/revisions\/20195"}],"wp:featuredmedia":[{"embeddable":true,"href":"https:\/\/emisora.univalle.edu.co\/index.php\/wp-json\/wp\/v2\/media\/20194"}],"wp:attachment":[{"href":"https:\/\/emisora.univalle.edu.co\/index.php\/wp-json\/wp\/v2\/media?parent=20193"}],"wp:term":[{"taxonomy":"category","embeddable":true,"href":"https:\/\/emisora.univalle.edu.co\/index.php\/wp-json\/wp\/v2\/categories?post=20193"},{"taxonomy":"post_tag","embeddable":true,"href":"https:\/\/emisora.univalle.edu.co\/index.php\/wp-json\/wp\/v2\/tags?post=20193"}],"curies":[{"name":"wp","href":"https:\/\/api.w.org\/{rel}","templated":true}]}}