{"id":20210,"date":"2018-05-25T11:20:17","date_gmt":"2018-05-25T16:20:17","guid":{"rendered":"https:\/\/emisora.univalle.edu.co\/?p=20210"},"modified":"2018-05-25T11:20:17","modified_gmt":"2018-05-25T16:20:17","slug":"desafios-para-documentar-la-paz-en-el-terreno","status":"publish","type":"post","link":"https:\/\/emisora.univalle.edu.co\/index.php\/desafios-para-documentar-la-paz-en-el-terreno\/","title":{"rendered":"Desaf\u00edos para documentar la paz en el terreno"},"content":{"rendered":"<p><span class=\"authorPost\">Agencia de Noticias Univalle<\/span><\/p>\n<div class=\"itemFullText\">\n<p>La implementaci\u00f3n del Acuerdo de Paz genera desaf\u00edos tanto para el Estado, la FARC y la sociedad civil. As\u00ed lo manifest\u00f3 la periodista Gloria Castrill\u00f3n, directora del programa Colombia 2020 de El Espectador, en su ponencia \u00abConflicto y Paz: desaf\u00edos para documentar la paz en el terreno\u00bb que dict\u00f3 en la Universidad del Valle.<\/p>\n<p>Esta conferencia fue organizada por la Escuela de Comunicaci\u00f3n Social y el Grupo de Investigaci\u00f3n en Periodismo e Informaci\u00f3n.<\/p>\n<p>La lenta implementaci\u00f3n del acuerdo de paz ha generado inconformidad en la FARC. Se esperaba que muchos proyectos e iniciativas fueran aprobadas a trav\u00e9s de la estrategia del fast track, una estrategia propuesta por el gobierno y avalada por la Corte Constitucional para que el Congreso aprobara las leyes y reformas constitucionales necesarias para la implementaci\u00f3n del acuerdo en la mitad del tiempo legislativo, sin embargo, qued\u00f3 faltando. El desarrollo agrario y catastro, entre otras, fueron temas que quedaron en el aire y que el gobierno entrante deber\u00e1 asumir en caso de querer dar continuidad al acuerdo de paz.<\/p>\n<p>La Jurisdicci\u00f3n Especial para la Paz debi\u00f3 empezar a operar hace un a\u00f1o, pero por las trabas que hubo en el Congreso, su operaci\u00f3n ha tenido tropiezos.<\/p>\n<p>El gobierno se ha mostrado lento para llegar a los territorios. Para Castrill\u00f3n, el pa\u00eds tiene experiencia en la desmovilizaci\u00f3n de grupos armados pero no llegando a las comunidades para satisfacer necesidades en asuntos de seguridad, educaci\u00f3n, salud, acueducto, redes de energ\u00eda el\u00e9ctrica. Algunos territorios que antes eran ocupados por las FARC, hoy son ocupados por grupos como el ELN.<\/p>\n<p>Adem\u00e1s, hay fallas en temas de institucionalidad, pues nunca se implement\u00f3 el anunciado ministerio del posconflicto.<\/p>\n<p>Por otra parte, del lado de la FARC tambi\u00e9n hay falencias. Se evidencia que es un partido con problemas de unidad. Como mencion\u00f3 la periodista, los excombatientes sienten que hay una desconexi\u00f3n entre la dirigencia del partido y la base. Adem\u00e1s, la falta de proyectos autosostenibles ha generado un ambiente de incertidumbre y miedo que tiene a algunos con un pie en la ilegalidad.<\/p>\n<p>En este contexto, la sociedad civil tambi\u00e9n tiene un compromiso con el proceso. Es necesario que se desarme el discurso de odio que circula en las redes sociales. Ejemplo de ello son las reacciones que obtuvieron las declaraciones de alias Popeye, quien recientemente en su cuenta de Twitter lanz\u00f3 mensajes incitando al odio hacia ciertos candidatos. Estas declaraciones fueron apoyadas y celebradas por algunos de sus seguidores.<\/p>\n<p>Para Castrill\u00f3n, hay falta de solidaridad y empat\u00eda con la situaci\u00f3n de las zonas veredales. Muy pocos empresarios han realizado aportes en las zonas veredales por temor a ser relacionados con la FARC.<\/p>\n<p>Con este panorama, la experiencia del portal Colombia 2020 ha permitido hacer visible las experiencias y legados en la construcci\u00f3n de paz que se realiza desde las comunidades, que gracias a la finalizaci\u00f3n del conflicto armado han podido ser documentadas. La periodista mencion\u00f3 que en este proceso se ha podido ver el liderazgo de las mujeres que, gracias a su capacidad de resiliencia, han adelantado procesos de reconstrucci\u00f3n del tejido social.<\/p>\n<p>Gloria Castrill\u00f3n es periodista con estudios de maestr\u00eda en asuntos internacionales y resoluci\u00f3n de conflictos de la Universidad Externado de Colombia. Actualmente dirige una iniciativa period\u00edstica y pedag\u00f3gica de El Espectador para el posconflicto. Con 25 a\u00f1os de experiencia profesional se ha dedicado en los \u00faltimos a\u00f1os al cubrimiento del conflicto armado y las negociaciones de paz con las Farc, el ELN y las AUC.<\/p>\n<p>Fue editora de investigaciones de la revista Cromos, ha trabajado en el portal Votebien.com de Publicaciones Semana, en El Espectador y Vanguardia Liberal. Ha sido docente en varias universidades. Es tallerista en temas de cubrimiento del conflicto armado, paz, derechos humanos, memoria hist\u00f3rica y g\u00e9nero. Es directiva y fundadora de la asociaci\u00f3n Consejo de Redacci\u00f3n. Coautora de los manuales \u201cPistas para narrar la paz\u201d y \u201cPistas para narrar la memoria\u201d, y editora del libro \u201c12 historias que nos deja la guerra\u201d.<\/p>\n<\/div>\n","protected":false},"excerpt":{"rendered":"<p>Agencia de Noticias Univalle La implementaci\u00f3n del Acuerdo de Paz genera desaf\u00edos tanto para el Estado, la FARC y la sociedad civil. As\u00ed lo manifest\u00f3 la periodista Gloria Castrill\u00f3n, directora del programa Colombia 2020 de El Espectador, en su ponencia \u00abConflicto y Paz: desaf\u00edos para documentar la paz en el[&#8230;]<\/p>\n","protected":false},"author":1,"featured_media":20211,"comment_status":"open","ping_status":"open","sticky":false,"template":"","format":"standard","meta":{"footnotes":""},"categories":[4],"tags":[],"_links":{"self":[{"href":"https:\/\/emisora.univalle.edu.co\/index.php\/wp-json\/wp\/v2\/posts\/20210"}],"collection":[{"href":"https:\/\/emisora.univalle.edu.co\/index.php\/wp-json\/wp\/v2\/posts"}],"about":[{"href":"https:\/\/emisora.univalle.edu.co\/index.php\/wp-json\/wp\/v2\/types\/post"}],"author":[{"embeddable":true,"href":"https:\/\/emisora.univalle.edu.co\/index.php\/wp-json\/wp\/v2\/users\/1"}],"replies":[{"embeddable":true,"href":"https:\/\/emisora.univalle.edu.co\/index.php\/wp-json\/wp\/v2\/comments?post=20210"}],"version-history":[{"count":1,"href":"https:\/\/emisora.univalle.edu.co\/index.php\/wp-json\/wp\/v2\/posts\/20210\/revisions"}],"predecessor-version":[{"id":20212,"href":"https:\/\/emisora.univalle.edu.co\/index.php\/wp-json\/wp\/v2\/posts\/20210\/revisions\/20212"}],"wp:featuredmedia":[{"embeddable":true,"href":"https:\/\/emisora.univalle.edu.co\/index.php\/wp-json\/wp\/v2\/media\/20211"}],"wp:attachment":[{"href":"https:\/\/emisora.univalle.edu.co\/index.php\/wp-json\/wp\/v2\/media?parent=20210"}],"wp:term":[{"taxonomy":"category","embeddable":true,"href":"https:\/\/emisora.univalle.edu.co\/index.php\/wp-json\/wp\/v2\/categories?post=20210"},{"taxonomy":"post_tag","embeddable":true,"href":"https:\/\/emisora.univalle.edu.co\/index.php\/wp-json\/wp\/v2\/tags?post=20210"}],"curies":[{"name":"wp","href":"https:\/\/api.w.org\/{rel}","templated":true}]}}