{"id":20233,"date":"2018-05-29T15:45:04","date_gmt":"2018-05-29T20:45:04","guid":{"rendered":"https:\/\/emisora.univalle.edu.co\/?p=20233"},"modified":"2018-05-29T15:45:04","modified_gmt":"2018-05-29T20:45:04","slug":"univalle-sigue-siendo-la-mejor-en-comunicacion","status":"publish","type":"post","link":"https:\/\/emisora.univalle.edu.co\/index.php\/univalle-sigue-siendo-la-mejor-en-comunicacion\/","title":{"rendered":"Univalle sigue siendo la mejor en comunicaci\u00f3n"},"content":{"rendered":"<p><span class=\"authorPost\">Agencia de Noticias Univalle<\/span><\/p>\n<div class=\"itemFullText\">\n<p>Con un puntaje de 181, el Programa de Comunicaci\u00f3n Social de la Facultad de Artes Integradas de la Universidad del Valle ocup\u00f3 el primer lugar en las m\u00e1s recientes pruebas SABER PRO, en la categor\u00eda \u201cComunicaci\u00f3n, periodismo y publicidad\u201d.<\/p>\n<p>La revista Dinero elabor\u00f3 una clasificaci\u00f3n de los mejores programas acad\u00e9micos en comunicaci\u00f3n y publicidad a partir de los resultados de las pruebas SABER PRO, en el que el Programa de Comunicaci\u00f3n Social de la Universidad del Valle ocupa el primer lugar por segundo a\u00f1o consecutivo.<\/p>\n<p>El ranking se basa en los resultados desagregados que reporta el Icfes, los cuales incluyen dos tipos de pruebas: las generales, que eval\u00faan habilidades en lectura cr\u00edtica, razonamiento cuantitativo, competencias ciudadanas, comunicaci\u00f3n escrita e ingl\u00e9s y las espec\u00edficas, que miden competencias claves de cada carrera.<\/p>\n<p>Para la directora del Programa Acad\u00e9mico de Comunicaci\u00f3n Social, Giovanna Carvajal, es importante resaltar que tales resultados nunca han sido considerados por el programa como un fin en s\u00ed mismo, sin embargo, son el reflejo del compromiso de la Escuela de Comunicaci\u00f3n Social y de la Universidad del Valle con la regi\u00f3n, el pa\u00eds y con la sociedad en general.<\/p>\n<p>\u201cHist\u00f3ricamente, el desempe\u00f1o de los estudiantes en las pruebas SABER PRO ha estado por encima del promedio nacional. El 2018 no es la excepci\u00f3n. El \u00e9nfasis que se le da a la lectura y a la escritura dentro de la formaci\u00f3n de los estudiantes, la fundamentaci\u00f3n te\u00f3rica que da cuenta de la tradici\u00f3n investigativa y de creaci\u00f3n de la Escuela de Comunicaci\u00f3n Social, la implementaci\u00f3n de estrategias pedag\u00f3gicas que garantizan un seguimiento personalizado a los estudiantes, as\u00ed como la presencia de profesores altamente calificados se encuentran a la base de los resultados obtenidos en las pruebas de Estado\u201d, se\u00f1ala la profesora Giovanna Carvajal.<\/p>\n<p>En la actualidad, el Programa de Comunicaci\u00f3n Social se encuentra en proceso de renovaci\u00f3n de la Acreditaci\u00f3n de Alta Calidad.<\/p>\n<p>La prueba SABER PRO se aplica desde el a\u00f1o 2009 a estudiantes de \u00faltimos semestres de carreras profesionales del pa\u00eds y es requisito indispensable para obtener el grado. Su prop\u00f3sito principal es \u201ccomprobar el desarrollo de competencias de los estudiantes pr\u00f3ximos a culminar los programas acad\u00e9micos de pregrado, adem\u00e1s de servir como fuente de informaci\u00f3n para la construcci\u00f3n de indicadores de evaluaci\u00f3n de la calidad de los programas e instituciones de educaci\u00f3n superior\u201d.<\/p>\n<\/div>\n","protected":false},"excerpt":{"rendered":"<p>Agencia de Noticias Univalle Con un puntaje de 181, el Programa de Comunicaci\u00f3n Social de la Facultad de Artes Integradas de la Universidad del Valle ocup\u00f3 el primer lugar en las m\u00e1s recientes pruebas SABER PRO, en la categor\u00eda \u201cComunicaci\u00f3n, periodismo y publicidad\u201d. La revista Dinero elabor\u00f3 una clasificaci\u00f3n de[&#8230;]<\/p>\n","protected":false},"author":1,"featured_media":20234,"comment_status":"open","ping_status":"open","sticky":false,"template":"","format":"standard","meta":{"footnotes":""},"categories":[4],"tags":[],"_links":{"self":[{"href":"https:\/\/emisora.univalle.edu.co\/index.php\/wp-json\/wp\/v2\/posts\/20233"}],"collection":[{"href":"https:\/\/emisora.univalle.edu.co\/index.php\/wp-json\/wp\/v2\/posts"}],"about":[{"href":"https:\/\/emisora.univalle.edu.co\/index.php\/wp-json\/wp\/v2\/types\/post"}],"author":[{"embeddable":true,"href":"https:\/\/emisora.univalle.edu.co\/index.php\/wp-json\/wp\/v2\/users\/1"}],"replies":[{"embeddable":true,"href":"https:\/\/emisora.univalle.edu.co\/index.php\/wp-json\/wp\/v2\/comments?post=20233"}],"version-history":[{"count":1,"href":"https:\/\/emisora.univalle.edu.co\/index.php\/wp-json\/wp\/v2\/posts\/20233\/revisions"}],"predecessor-version":[{"id":20235,"href":"https:\/\/emisora.univalle.edu.co\/index.php\/wp-json\/wp\/v2\/posts\/20233\/revisions\/20235"}],"wp:featuredmedia":[{"embeddable":true,"href":"https:\/\/emisora.univalle.edu.co\/index.php\/wp-json\/wp\/v2\/media\/20234"}],"wp:attachment":[{"href":"https:\/\/emisora.univalle.edu.co\/index.php\/wp-json\/wp\/v2\/media?parent=20233"}],"wp:term":[{"taxonomy":"category","embeddable":true,"href":"https:\/\/emisora.univalle.edu.co\/index.php\/wp-json\/wp\/v2\/categories?post=20233"},{"taxonomy":"post_tag","embeddable":true,"href":"https:\/\/emisora.univalle.edu.co\/index.php\/wp-json\/wp\/v2\/tags?post=20233"}],"curies":[{"name":"wp","href":"https:\/\/api.w.org\/{rel}","templated":true}]}}