{"id":20236,"date":"2018-06-03T16:29:39","date_gmt":"2018-06-03T21:29:39","guid":{"rendered":"https:\/\/emisora.univalle.edu.co\/?p=20236"},"modified":"2018-06-03T16:29:39","modified_gmt":"2018-06-03T21:29:39","slug":"raul-astudillo-un-hombre-de-conocimiento","status":"publish","type":"post","link":"https:\/\/emisora.univalle.edu.co\/index.php\/raul-astudillo-un-hombre-de-conocimiento\/","title":{"rendered":"Ra\u00fal Astudillo, un hombre de conocimiento"},"content":{"rendered":"<p><span class=\"authorPost\">Agencia de Noticias Univalle<\/span><\/p>\n<div class=\"itemFullText\">\n<p>El m\u00e9dico Ra\u00fal Ernesto Astudillo Palomino fue recordado como un hombre c\u00e1lido y alegre, un profesional entregado a sus pacientes, destacado docente de la Escuela de Medicina, amante de la naturaleza, padre e hijo amoroso, hermano entra\u00f1able, amigo leal, colega solidario y profesional comprometido con la causa social. Durante el homenaje p\u00f3stumo que organiz\u00f3 la Universidad del Valle y que se cumpli\u00f3 este jueves 31 de mayo, en el Auditorio Carlos Manzano del Hospital Universitario del Valle &#8211; HUV, directivos familiares, colegas, pacientes, amigos y allegados de la familia recordaron al m\u00e9dico y profesor de Univalle.<\/p>\n<p><img loading=\"lazy\" decoding=\"async\" class=\"aligncenter\" src=\"http:\/\/www.univalle.edu.co\/images\/img_noticias\/univalle-homenaje-raul-astudillo-02.JPG\" alt=\"\" width=\"600\" height=\"400\" \/><\/p>\n<p>El acto fue presidido por el rector Edgar Varela Barrios quien estuvo acompa\u00f1ado por la vicerrectora acad\u00e9mica Liliana Arias Castillo, el vicerrector de bienestar Edgar Quiroga Rubiano, el decano de la Facultad de Salud Jes\u00fas Hern\u00e1ndez.<\/p>\n<p><img loading=\"lazy\" decoding=\"async\" class=\"aligncenter\" src=\"http:\/\/www.univalle.edu.co\/images\/img_noticias\/univalle-homenaje-raul-astudillo-01.JPG\" alt=\"\" width=\"600\" height=\"400\" \/><\/p>\n<p><img loading=\"lazy\" decoding=\"async\" src=\"http:\/\/www.univalle.edu.co\/images\/univalle-homenaje-raul-astudillo-01.JPG\" alt=\"\" width=\"600\" height=\"400\" \/><img decoding=\"async\" src=\"http:\/\/www.univalle.edu.co\/images\/univalle-homenaje-raul-astudillo-01.JPG\" alt=\"\" \/>\u201cFui muy amigo de Ra\u00fal Astudillo en la \u00e9poca en la que fuimos estudiantes. Yo estudiaba filosof\u00eda, Ra\u00fal medicina. Lo que nos uni\u00f3 en ese momento fue la pol\u00edtica. \u00c9ramos activistas estudiantiles, no solo en la universidad, sino en otros escenarios. Fueron a\u00f1os en los que trabajamos much\u00edsimo en defensa de nuestros ideales y de la universidad p\u00fablica, con m\u00e9todos muy diferentes a los que se lucha hoy en los ambientes universitarios. Ra\u00fal fue una persona muy coherente con estas ideas de juventud universitaria. A lo largo de toda su vida defendi\u00f3 estos principios: trabaj\u00f3 a favor de las comunidades m\u00e1s desfavorecidas. Por eso se encamin\u00f3 a estudiar cirug\u00eda pedi\u00e1trica, para hacer de los ni\u00f1os el gran objetivo de su vida\u201d, se\u00f1al\u00f3 el rector Varela Barrios en su intervenci\u00f3n.<\/p>\n<p>Por otra parte, su amigo Renato Ram\u00edrez Rodr\u00edguez, profesor jubilado del Instituto de Educaci\u00f3n y Pedagog\u00eda, durante la lectura de la semblanza de la vida y obra del m\u00e9dico Astudillo Palomino record\u00f3 que \u201ccombati\u00f3 muchas veces la muerte, \u00faltimo enemigo del conocimiento y la venci\u00f3 en varios momentos. Lo hizo en el cuerpo de los beb\u00e9s, y de los ni\u00f1os y ni\u00f1as que operaba, as\u00ed como en el suyo propio durante el tiempo que padeci\u00f3 el c\u00e1ncer de h\u00edgado que lo aquej\u00f3 [&#8230;] Y aunque nadie vence la muerte de manera definitiva, fue en aquellos momentos de lucidez y sabidur\u00eda cuando Ra\u00fal Astudillo lo logr\u00f3. Se transform\u00f3 y devino en hombre de conocimiento\u201d.<\/p>\n<p><img loading=\"lazy\" decoding=\"async\" class=\"aligncenter\" src=\"http:\/\/www.univalle.edu.co\/images\/img_noticias\/univalle-homenaje-raul-astudillo-03.JPG\" alt=\"\" width=\"600\" height=\"400\" \/><\/p>\n<p>Durante el acto, Ra\u00fal Ernesto Astudillo Carvajal, hijo mayor del m\u00e9dico y docente, agradeci\u00f3 las muestras de afecto y acompa\u00f1amiento que ha recibido la familia en estos momentos y record\u00f3 con emoci\u00f3n el legado que su padre dej\u00f3 en sus estudiantes y pacientes.<\/p>\n<p>Ra\u00fal Ernesto Astudillo Palomino era docente de la Facultad de Salud de la Universidad del Valle y un referente de la atenci\u00f3n de ni\u00f1os en la regi\u00f3n.<\/p>\n<p>Era m\u00e9dico cirujano de la Universidad del Valle; cirujano general, cirujano pediatra y ur\u00f3logo pediatra de la Universidad de Antioquia; realiz\u00f3 un fellowship en urolog\u00eda pedi\u00e1trica en el Boston Children\u2019s Hospital. Adem\u00e1s era especialista en docencia universitaria de la Universidad del Valle y estaba cursando la Maestr\u00eda en Historia, donde se propon\u00eda obtener herramientas metodol\u00f3gicas para estudiar la vida del m\u00e9dico Evaristo Garc\u00eda.<\/p>\n<p>Se destac\u00f3 por su gran compromiso social y profesional, contribuyendo con su liderazgo a fortalecer las instituciones donde labor\u00f3. Fue uno de los fundadores de la Unidad de Cuidado Intensivo Pedi\u00e1trico, m\u00e1s conocida como la Sala Ana Frank del Hospital Universitario del Valle, donde durante a\u00f1os atendi\u00f3 ni\u00f1os con problemas de alta complejidad.<\/p>\n<p>En su trayectoria profesional, Ra\u00fal Ernesto Astudillo Palomino se desempe\u00f1\u00f3 como coordinador del \u00c1rea de Urolog\u00eda Pedi\u00e1trica del Hospital Infantil Club Noel de Cali, jefe del Servicio de Cirug\u00eda Pedi\u00e1trica de la Fundaci\u00f3n Valle del Lili, Presidente Nacional de la Sociedad Colombiana de Cirug\u00eda Pedi\u00e1trica, miembro activo de la Sociedad Colombiana de Cirug\u00eda y Presidente de la Asociaci\u00f3n Nacional de Internos y Residentes. Fue adem\u00e1s profesor de Medicina de la Universidad del Valle, donde fue escogido durante varios periodos como uno de los mejores docentes de este programa.<\/p>\n<p>Como parte del acto, se descubri\u00f3 una placa de reconocimiento p\u00fablico al doctor Ra\u00fal Ernesto Astudillo Palomino, que reposar\u00e1 en la Sala Ana Frank del Hospital Universitario del Valle. As\u00ed mismo, el rector Edgar Varela le entreg\u00f3 a la familia del galeno la resoluci\u00f3n en nota de estilo en la que se exalta la vida y el legado de este hombre de la salud.<\/p>\n<p>La Universidad del Valle exalta la labor educativa, acad\u00e9mica, profesional y especializada del m\u00e9dico cirujano doctor Ra\u00fal Ernesto Astudillo Palomino, uno de sus egresados, por los aportes, esfuerzos, luchas e iniciativas en favor de la formaci\u00f3n integral de m\u00e9dicos, internos y residentes; la defensa de los hospitales oficiales y del Hospital Universitario del Valle; la instauraci\u00f3n de salas y servicios quir\u00fargicos avanzados de Cirug\u00eda Pedi\u00e1trica, basados en procedimientos de calidad cient\u00edfico-t\u00e9cnica, cuidado amoroso y solidario y seguridad de los pacientes.<\/p>\n<p><img loading=\"lazy\" decoding=\"async\" class=\"aligncenter\" src=\"http:\/\/www.univalle.edu.co\/images\/univalle-homenaje-raul-astudillo-05.JPG\" alt=\"\" width=\"600\" height=\"400\" \/><\/p>\n<\/div>\n","protected":false},"excerpt":{"rendered":"<p>Agencia de Noticias Univalle El m\u00e9dico Ra\u00fal Ernesto Astudillo Palomino fue recordado como un hombre c\u00e1lido y alegre, un profesional entregado a sus pacientes, destacado docente de la Escuela de Medicina, amante de la naturaleza, padre e hijo amoroso, hermano entra\u00f1able, amigo leal, colega solidario y profesional comprometido con la[&#8230;]<\/p>\n","protected":false},"author":1,"featured_media":20237,"comment_status":"open","ping_status":"open","sticky":false,"template":"","format":"standard","meta":{"footnotes":""},"categories":[4],"tags":[],"_links":{"self":[{"href":"https:\/\/emisora.univalle.edu.co\/index.php\/wp-json\/wp\/v2\/posts\/20236"}],"collection":[{"href":"https:\/\/emisora.univalle.edu.co\/index.php\/wp-json\/wp\/v2\/posts"}],"about":[{"href":"https:\/\/emisora.univalle.edu.co\/index.php\/wp-json\/wp\/v2\/types\/post"}],"author":[{"embeddable":true,"href":"https:\/\/emisora.univalle.edu.co\/index.php\/wp-json\/wp\/v2\/users\/1"}],"replies":[{"embeddable":true,"href":"https:\/\/emisora.univalle.edu.co\/index.php\/wp-json\/wp\/v2\/comments?post=20236"}],"version-history":[{"count":1,"href":"https:\/\/emisora.univalle.edu.co\/index.php\/wp-json\/wp\/v2\/posts\/20236\/revisions"}],"predecessor-version":[{"id":20238,"href":"https:\/\/emisora.univalle.edu.co\/index.php\/wp-json\/wp\/v2\/posts\/20236\/revisions\/20238"}],"wp:featuredmedia":[{"embeddable":true,"href":"https:\/\/emisora.univalle.edu.co\/index.php\/wp-json\/wp\/v2\/media\/20237"}],"wp:attachment":[{"href":"https:\/\/emisora.univalle.edu.co\/index.php\/wp-json\/wp\/v2\/media?parent=20236"}],"wp:term":[{"taxonomy":"category","embeddable":true,"href":"https:\/\/emisora.univalle.edu.co\/index.php\/wp-json\/wp\/v2\/categories?post=20236"},{"taxonomy":"post_tag","embeddable":true,"href":"https:\/\/emisora.univalle.edu.co\/index.php\/wp-json\/wp\/v2\/tags?post=20236"}],"curies":[{"name":"wp","href":"https:\/\/api.w.org\/{rel}","templated":true}]}}