{"id":20239,"date":"2018-06-03T16:31:48","date_gmt":"2018-06-03T21:31:48","guid":{"rendered":"https:\/\/emisora.univalle.edu.co\/?p=20239"},"modified":"2018-06-03T16:31:48","modified_gmt":"2018-06-03T21:31:48","slug":"univalle-participo-en-tv-lab","status":"publish","type":"post","link":"https:\/\/emisora.univalle.edu.co\/index.php\/univalle-participo-en-tv-lab\/","title":{"rendered":"Univalle particip\u00f3 en TV LAB"},"content":{"rendered":"<p><span class=\"authorPost\">Agencia de Noticias Univalle<\/span><\/p>\n<div class=\"itemFullText\">\n<p>&nbsp;<\/p>\n<p class=\"western\" align=\"left\">La Direcci\u00f3n de Comunicaciones Universitarias de la Universidad del Valle particip\u00f3 en el taller realizado en Cali por la Agencia Nacional de Televisi\u00f3n &#8211; ANTV inscrito dentro del proyecto &#8216;TV LAB&#8217;, que tiene el prop\u00f3sito de mejorar los contenidos audiovisuales que son dirigidos a los ni\u00f1os y adolescentes en Colombia.<\/p>\n<p class=\"western\" align=\"left\">Como parte de este proyecto, en las instalaciones del Teatro Estudio del Canal de Televisi\u00f3n Telepac\u00edfico de Cali, la Facultad de Educaci\u00f3n y el Grupo de Investigaci\u00f3n Did\u00e1ctica y Nuevas Tecnolog\u00edas de la Universidad de Antioquia y la ANTV, realizaron un taller para perfeccionar los contenidos para ni\u00f1os y adolescentes, partiendo de las necesidades propias de los ni\u00f1os, considerando que ellos merecen una televisi\u00f3n que les hable directamente, apoye su desarrollo y los represente.<\/p>\n<p class=\"western\" align=\"justify\">Teniendo en cuenta que los responsables de los contenidos son propios los realizadores y productores, el taller estuvo dirigido a que estos profesionales reconozcan las necesidades y gustos de los ni\u00f1os y realicen mayores investigaciones, as\u00ed como un trabajo de campo m\u00e1s exhaustivo sobre lo que le est\u00e1n demandando a la televisi\u00f3n los menores de edad.<\/p>\n<p class=\"western\" align=\"justify\">En el taller se presentaron las nuevas tendencias para crear contenidos infantiles en todos los formatos, desde ficci\u00f3n y documental hasta realitys, haciendo \u00e9nfasis en la participaci\u00f3n de los asistentes frente a los productos presentados.<\/p>\n<p class=\"western\" align=\"justify\">Al final de la jornada se realiz\u00f3 una din\u00e1mica en la cual los asistentes propusieron, a partir de los conocimientos adquiridos dentro del taller, programas h\u00edbridos dirigidos al p\u00fablico infantil, es decir, programas construidos incorporando m\u00e1s de un formato.<\/p>\n<p class=\"western\" align=\"justify\">La Direcci\u00f3n de Comunicaciones Universitarias de Univalle continuar\u00e1 participando de los talleres de la ANTV buscando incentivar el mejoramiento de los contenidos audiovisuales.<\/p>\n<\/div>\n","protected":false},"excerpt":{"rendered":"<p>Agencia de Noticias Univalle &nbsp; La Direcci\u00f3n de Comunicaciones Universitarias de la Universidad del Valle particip\u00f3 en el taller realizado en Cali por la Agencia Nacional de Televisi\u00f3n &#8211; ANTV inscrito dentro del proyecto &#8216;TV LAB&#8217;, que tiene el prop\u00f3sito de mejorar los contenidos audiovisuales que son dirigidos a los[&#8230;]<\/p>\n","protected":false},"author":1,"featured_media":20240,"comment_status":"open","ping_status":"open","sticky":false,"template":"","format":"standard","meta":{"footnotes":""},"categories":[4],"tags":[],"_links":{"self":[{"href":"https:\/\/emisora.univalle.edu.co\/index.php\/wp-json\/wp\/v2\/posts\/20239"}],"collection":[{"href":"https:\/\/emisora.univalle.edu.co\/index.php\/wp-json\/wp\/v2\/posts"}],"about":[{"href":"https:\/\/emisora.univalle.edu.co\/index.php\/wp-json\/wp\/v2\/types\/post"}],"author":[{"embeddable":true,"href":"https:\/\/emisora.univalle.edu.co\/index.php\/wp-json\/wp\/v2\/users\/1"}],"replies":[{"embeddable":true,"href":"https:\/\/emisora.univalle.edu.co\/index.php\/wp-json\/wp\/v2\/comments?post=20239"}],"version-history":[{"count":1,"href":"https:\/\/emisora.univalle.edu.co\/index.php\/wp-json\/wp\/v2\/posts\/20239\/revisions"}],"predecessor-version":[{"id":20241,"href":"https:\/\/emisora.univalle.edu.co\/index.php\/wp-json\/wp\/v2\/posts\/20239\/revisions\/20241"}],"wp:featuredmedia":[{"embeddable":true,"href":"https:\/\/emisora.univalle.edu.co\/index.php\/wp-json\/wp\/v2\/media\/20240"}],"wp:attachment":[{"href":"https:\/\/emisora.univalle.edu.co\/index.php\/wp-json\/wp\/v2\/media?parent=20239"}],"wp:term":[{"taxonomy":"category","embeddable":true,"href":"https:\/\/emisora.univalle.edu.co\/index.php\/wp-json\/wp\/v2\/categories?post=20239"},{"taxonomy":"post_tag","embeddable":true,"href":"https:\/\/emisora.univalle.edu.co\/index.php\/wp-json\/wp\/v2\/tags?post=20239"}],"curies":[{"name":"wp","href":"https:\/\/api.w.org\/{rel}","templated":true}]}}