{"id":20249,"date":"2018-06-06T16:28:06","date_gmt":"2018-06-06T21:28:06","guid":{"rendered":"https:\/\/emisora.univalle.edu.co\/?p=20249"},"modified":"2018-06-06T16:28:06","modified_gmt":"2018-06-06T21:28:06","slug":"univalle-una-institucion-que-sirve-a-la-sociedad-rector-varela","status":"publish","type":"post","link":"https:\/\/emisora.univalle.edu.co\/index.php\/univalle-una-institucion-que-sirve-a-la-sociedad-rector-varela\/","title":{"rendered":"\u201cUnivalle, una instituci\u00f3n que sirve a la sociedad\u201d: Rector Varela"},"content":{"rendered":"<p><span class=\"authorPost\">Agencia de Noticias Univalle<\/span><\/p>\n<div class=\"itemFullText\">\n<p>Durante la celebraci\u00f3n de los grados del primer semestre acad\u00e9mico en Univalle, el rector Edgar Varela Barrios recalc\u00f3 tres cuatro de las iniciativas de impacto regional en las cuales participa el Alma M\u00e1ter: la recuperaci\u00f3n del Hospital Universitario, el Plan Estrat\u00e9gico de Emcali, los proyectos del Sistema de Regal\u00edas y las iniciativas culturales en Cali.<\/p>\n<p>El directivo se\u00f1al\u00f3 que actualmente el HUV se encuentra en una fase avanzada de recuperaci\u00f3n; que Emcali tiene listo su Plan Estrat\u00e9gico en proceso, asesorado por Univalle; que los cinco macroproyectos de inversi\u00f3n con regal\u00edas cuentan con el liderazgo de la Universidad y que el proyecto educativo La Comunidad es Mi Escuela y la Feria del Libro tambi\u00e9n tienen el sello de la instituci\u00f3n, a trav\u00e9s de su participaci\u00f3n t\u00e9cnica y financiera. La siguiente es la intervenci\u00f3n del profesor Varela ante graduandos y familiares durante la mencionada ceremonia:<\/p>\n<p><img loading=\"lazy\" decoding=\"async\" class=\"aligncenter\" src=\"http:\/\/www.univalle.edu.co\/images\/grados-junio-2018-3.JPG\" alt=\"\" width=\"600\" height=\"400\" \/><\/p>\n<p>Para fortalecer el quehacer acad\u00e9mico en el \u00e1rea de salud hemos tenido la ocasi\u00f3n de visitar y compartir con el personal del Hospital Universitario del Valle y puedo dar fe hoy de que hoy, a comienzos de junio de 2018 el Hospital Universitario del Valle se ha recuperado plenamente y ha superado el riesgo de liquidaci\u00f3n en un trabajo realizado entre la Gobernaci\u00f3n del Valle del Cauca, el Ministerio de Salud y la Universidad del Valle, con el acompa\u00f1amiento de la Facultad de Salud.<\/p>\n<p>El hospital realizar\u00e1 con nosotros un convenio de comodato para crear \u00e1reas nuevas para el desarrollo del trabajo de nuestros estudiantes. Estamos comprando, entre la Universidad, la Gobernaci\u00f3n y la Naci\u00f3n equipos por m\u00e1s de 50 mil millones de pesos que har\u00e1n que el hospital sea competitivo frente a las mejores cl\u00ednicas privadas. Vamos a acercar el servicio m\u00e9dico de nuestra universidad al hospital y vamos a tener un piso entero en donde los pacientes de nuestra universidad (jubilados, trabajadores, empleados y profesores) ser\u00e1n atendidos por m\u00e9dicos de la m\u00e1s alta formaci\u00f3n, pues son los centenares de m\u00e9dicos de nuestra universidad que profesan la ense\u00f1anza, a trav\u00e9s de los esquemas de asistencia-docencia.<\/p>\n<p>Muchos de nuestros estudiantes de salud que han practicado durante estos a\u00f1os en el hospital podr\u00e1n ya, como m\u00e9dicos en ejercicio, seguir vinculados a la alianza estrecha e indisoluble entre el Hospital Universitario del Valle y la Universidad del valle porque, y tal como lo dije recientemente en el homenaje a Ra\u00fal Astudillo, el gran m\u00e9dico desaparecido recientemente: el hospital es de la universidad y nunca dejar\u00e1 de ser el hospital de la Universidad del Valle.<\/p>\n<p>En segundo lugar, quiero se\u00f1alar a los estudiantes de ingenier\u00eda, administraci\u00f3n y ciencias sociales que venimos adelantando una tarea coordinada por mejorar la participaci\u00f3n de la universidad en los procesos de Ciencia, Tecnolog\u00eda e Innovaci\u00f3n. Pr\u00f3ximamente presentaremos, ante el Consejo Acad\u00e9mico y el Consejo Superior, la propuesta de creaci\u00f3n de un centro de desarrollo y competitividad empresarial de la Universidad del Valle que ser\u00e1 el espacio para la articulaci\u00f3n de la universidad con la empresa p\u00fablica y privada de la regi\u00f3n.<\/p>\n<p>Recientemente, con presencia de la gobernadora de nuestro departamento presentamos los 5 proyectos m\u00e1s importantes que desde el Sistema de Regal\u00edas se desarrollan actualmente en el Valle del Cauca, todos ellos liderados por la Universidad del Valle. Los proyectos incorporan sobre todo biotecnolog\u00eda, ingenier\u00edas y desarrollo productivo.<\/p>\n<p>Queremos continuar en esa senda. Queremos trabajar de la mano con la empresa p\u00fablica y privada de la regi\u00f3n y por ello destaco aqu\u00ed el esfuerzo de la universidad en darle la mano a nuestra empresa de servicios p\u00fablicos m\u00e1s importante: Emcali. Presentamos hace mes y medio el Plan Estrat\u00e9gico que le da una nueva orientaci\u00f3n a Emcali y que permitir\u00e1 la refundaci\u00f3n de la empresa en una tarea asesora liderada por el Instituto de Prospectiva, Innovaci\u00f3n y Gesti\u00f3n del Conocimiento, adscrito a la Facultad de Ciencias de la Administraci\u00f3n.<\/p>\n<p><img loading=\"lazy\" decoding=\"async\" class=\"aligncenter\" src=\"http:\/\/www.univalle.edu.co\/images\/img_noticias\/univalle-emcali-plan-estrategico.JPG\" alt=\"\" width=\"600\" height=\"355\" \/><\/p>\n<p>El acuerdo fue aprobado por unanimidad por la junta directiva de la empresa incluyendo las dos organizaciones sindicales m\u00e1s representativas. Desde el mes de junio y hasta diciembre haremos la transici\u00f3n para implementar los cinco ejes estrat\u00e9gicos en desarrollo de las iniciativas consignadas en el Plan Estrat\u00e9gico con el fin de lograr que las empresas municipales de Cali sigan siendo un patrimonio p\u00fablico y vuelvan a ser una de las empresas p\u00fablicas m\u00e1s importantes de Colombia, todo ello gracias al esfuerzo y apoyo de la Universidad del Valle en sus diferentes \u00e1reas.<\/p>\n<p><img loading=\"lazy\" decoding=\"async\" class=\"aligncenter\" src=\"http:\/\/www.univalle.edu.co\/images\/plan-estrategico-emcali.jpg\" alt=\"\" width=\"600\" height=\"400\" \/><\/p>\n<p>En relaci\u00f3n con la cultura quiero destacar el trabajo que viene desarrollando el decano de artes integradas Jos\u00e9 Hleap Borrero y su equipo en uno de los proyectos m\u00e1s grandes que se haya pactado entre una universidad y la Alcald\u00eda de Cali por m\u00e1s de 38.000 millones de pesos y que desarrolla distintas facetas del mejoramiento de las capacidades de formaci\u00f3n de los estudiantes incorporando pol\u00edticas culturales en distintas \u00e1reas.<\/p>\n<p>Somos tambi\u00e9n aliados de la Alcald\u00eda de Cali en la Feria del Libro de Cali, evento que por tercer a\u00f1o consecutivo en septiembre se desarrollar\u00e1 en una alianza entre la C\u00e1mara Colombiana del Libro, la Fundaci\u00f3n Spiwak, la Alcald\u00eda y nuestra universidad. Durante muchos a\u00f1os hicimos la Feria del Libro aqu\u00ed en la Ciudad Universitaria, en este Coliseo. Ahora la hemos sacado de la universidad a la ciudad para que el libro encuentre al lector en la calle. Seguramente la Feria de este a\u00f1o tendr\u00e1 el doble de visitantes de la anterior y permitir\u00e1 que, junto con la de Medell\u00edn y Bogot\u00e1, logre para Cali de nuevo una feria del libro de la mayor importancia. Estas, son todas acciones de ciudad. No solamente nos dedicamos a formar a los estudiantes y a investigar. La universidad contempor\u00e1nea se caracteriza por estar al servicio de la sociedad. Con ustedes como graduandos s\u00e9 que la tarea de continuar formando personas para el servicio de la sociedad est\u00e1 garantizada.<\/p>\n<p><img loading=\"lazy\" decoding=\"async\" class=\"aligncenter\" src=\"http:\/\/www.univalle.edu.co\/images\/filca-2017.JPG\" alt=\"\" width=\"600\" height=\"400\" \/><\/p>\n<\/div>\n","protected":false},"excerpt":{"rendered":"<p>Agencia de Noticias Univalle Durante la celebraci\u00f3n de los grados del primer semestre acad\u00e9mico en Univalle, el rector Edgar Varela Barrios recalc\u00f3 tres cuatro de las iniciativas de impacto regional en las cuales participa el Alma M\u00e1ter: la recuperaci\u00f3n del Hospital Universitario, el Plan Estrat\u00e9gico de Emcali, los proyectos del[&#8230;]<\/p>\n","protected":false},"author":1,"featured_media":20250,"comment_status":"open","ping_status":"open","sticky":false,"template":"","format":"standard","meta":{"footnotes":""},"categories":[4],"tags":[],"_links":{"self":[{"href":"https:\/\/emisora.univalle.edu.co\/index.php\/wp-json\/wp\/v2\/posts\/20249"}],"collection":[{"href":"https:\/\/emisora.univalle.edu.co\/index.php\/wp-json\/wp\/v2\/posts"}],"about":[{"href":"https:\/\/emisora.univalle.edu.co\/index.php\/wp-json\/wp\/v2\/types\/post"}],"author":[{"embeddable":true,"href":"https:\/\/emisora.univalle.edu.co\/index.php\/wp-json\/wp\/v2\/users\/1"}],"replies":[{"embeddable":true,"href":"https:\/\/emisora.univalle.edu.co\/index.php\/wp-json\/wp\/v2\/comments?post=20249"}],"version-history":[{"count":1,"href":"https:\/\/emisora.univalle.edu.co\/index.php\/wp-json\/wp\/v2\/posts\/20249\/revisions"}],"predecessor-version":[{"id":20251,"href":"https:\/\/emisora.univalle.edu.co\/index.php\/wp-json\/wp\/v2\/posts\/20249\/revisions\/20251"}],"wp:featuredmedia":[{"embeddable":true,"href":"https:\/\/emisora.univalle.edu.co\/index.php\/wp-json\/wp\/v2\/media\/20250"}],"wp:attachment":[{"href":"https:\/\/emisora.univalle.edu.co\/index.php\/wp-json\/wp\/v2\/media?parent=20249"}],"wp:term":[{"taxonomy":"category","embeddable":true,"href":"https:\/\/emisora.univalle.edu.co\/index.php\/wp-json\/wp\/v2\/categories?post=20249"},{"taxonomy":"post_tag","embeddable":true,"href":"https:\/\/emisora.univalle.edu.co\/index.php\/wp-json\/wp\/v2\/tags?post=20249"}],"curies":[{"name":"wp","href":"https:\/\/api.w.org\/{rel}","templated":true}]}}