{"id":20252,"date":"2018-06-06T16:30:20","date_gmt":"2018-06-06T21:30:20","guid":{"rendered":"https:\/\/emisora.univalle.edu.co\/?p=20252"},"modified":"2018-06-06T16:30:20","modified_gmt":"2018-06-06T21:30:20","slug":"ampliacion-de-cobertura-en-univalle-meta-de-maxima-prioridad","status":"publish","type":"post","link":"https:\/\/emisora.univalle.edu.co\/index.php\/ampliacion-de-cobertura-en-univalle-meta-de-maxima-prioridad\/","title":{"rendered":"Ampliaci\u00f3n de cobertura en Univalle, meta de m\u00e1xima prioridad"},"content":{"rendered":"<p><span class=\"authorPost\">Agencia de Noticias Univalle<\/span><\/p>\n<div class=\"itemFullText\">\n<p>La Universidad del Valle cuenta hoy con 31500 estudiantes y espera alcanzar en los pr\u00f3ximos cuatro a\u00f1os, la meta de 40 mil estudiantes vinculados a programas presenciales y virtuales de pregrado y posgrado. As\u00ed lo anunci\u00f3 el rector Edgar Varela Barrios, durante la ceremonia de grados realizada en el Coliseo Alberto Le\u00f3n Betancur el pasado s\u00e1bado 2 de junio.<\/p>\n<p>El directivo hizo adem\u00e1s \u00e9nfasis en que, de acuerdo con las necesidades de los tiempos actuales, Univalle cimentar\u00e1 sus procesos formativos para ofrecer educaci\u00f3n durante y para toda la vida, incluyendo procesos de educaci\u00f3n continua.<\/p>\n<p>Los siguientes son algunos apartes del discurso pronunciado por el rector Varela durante la ceremonia, en la cual se graduaron m\u00e1s de 1.300 profesionales, especialistas, mag\u00edsteres y doctores en m\u00faltiples disciplinas del saber:<\/p>\n<p>Hoy nuestros egresados no solamente le sirven al pa\u00eds, sino que le sirven a la sociedad global pues muchos de ellos trabajan en distintos pa\u00edses en todo el mundo. Cientos de nuestros egresados se desempe\u00f1an hoy en distintos oficios a lo largo y ancho del planeta. Cuando me designaron rector, una de las primeras decisiones que tome fue trabajar en la ampliaci\u00f3n de cobertura buscando ofrecerles oportunidades a los j\u00f3venes de los sectores populares formaci\u00f3n superior pues la mayor de ellos proviene de hogares de estratos bajos y medios. Actualmente se ha incrementado la cobertura a 31.500 estudiantes despu\u00e9s de que en a\u00f1os pasados descendiera hasta un n\u00famero de 27.000. Hoy, contamos en el Sistema de Regionalizaci\u00f3n con 11.500 estudiantes.<\/p>\n<p><img loading=\"lazy\" decoding=\"async\" class=\"aligncenter\" src=\"http:\/\/www.univalle.edu.co\/images\/grados-univalle-junio-2018-1.jpg\" alt=\"\" width=\"600\" height=\"400\" \/><\/p>\n<p>Somos una de las universidades con mayor tasa de descentralizaci\u00f3n en la matr\u00edcula. Adem\u00e1s, hay en cifras redondas unos 3.600 estudiantes de posgrado. Univalle es una de las universidades colombianas que tiene mayor n\u00famero nivel proporcional de matr\u00edcula posgraduada.<\/p>\n<p>Al cierre del primer semestre se grad\u00faan aproximadamente en toda la universidad 2000 personas. De ellos, un n\u00famero aproximado de 700 estudiantes se grad\u00faa por estos d\u00edas en las sedes regionales. M\u00e1s de 340 de los graduados son de posgrado.<\/p>\n<p>Seguiremos haciendo un \u00e9nfasis muy grande en la ampliaci\u00f3n de cobertura. Nos hemos propuesto con el Consejo Acad\u00e9mico y con el Consejo Superior, aprovechando metodolog\u00edas de educaci\u00f3n virtual, avanzar en la ampliaci\u00f3n de la cobertura de carreras de pregrado. Varias de ellas estar\u00e1n aprobadas por el consejo del Superior y el gobierno nacional e iniciar\u00e1n en 2019 y otras est\u00e1n en curso, todo ello con el fin de mejorar la oferta acad\u00e9mica de pregrado.<\/p>\n<p>Esperamos que en cuatro a\u00f1os la Universidad del Valle llegue a la cifra de 40000 estudiantes. Para esto buscamos mejorar la eficiencia organizacional y promovemos los estudios generales, as\u00ed como el sistema de posgrados. Esperamos lograr que permitan que los recursos que nos otorga el Estado nacional y que gestiona la universidad alcancen para un mayor impacto social.<\/p>\n<p><img loading=\"lazy\" decoding=\"async\" class=\"aligncenter\" src=\"http:\/\/www.univalle.edu.co\/images\/grados-univalle-junio-2018-3.jpg\" alt=\"\" width=\"600\" height=\"400\" \/><\/p>\n<p>Los egresados del pregrado tienen toda la posibilidad de continuar sus estudios de posgrado aqu\u00ed mismo en la Universidad del Valle. Desde hace un par de a\u00f1os, cada vez que hacemos esta ceremonia colocamos estands con la oferta posgraduada frente al Coliseo porque nos interesa que los estudiantes reci\u00e9n egresados puedan continuar su formaci\u00f3n universitaria. Somos conscientes de que hoy es muy dif\u00edcil en el mundo laboral profesional de alta competencia salir adelante s\u00f3lo con un t\u00edtulo de pregrado.<\/p>\n<p>Somos tambi\u00e9n una de las universidades con una de las ofertas m\u00e1s diversificadas en formaci\u00f3n posgrado. Cada d\u00eda se impone m\u00e1s la educaci\u00f3n de posgrado y se accede de forma permanente a la educaci\u00f3n continua en sus distintas modalidades, lo cual constituye educaci\u00f3n para toda la vida. Los cambios actuales en los modos de vida son tan dram\u00e1ticos que nadie se puede quedar solo con la formaci\u00f3n de pregrado con la que lo titula una instituci\u00f3n. Estamos haciendo un esfuerzo muy grande en la Universidad del Valle por ofertar por vez primera la educaci\u00f3n virtual y fortalecer la educaci\u00f3n continuada.<\/p>\n<p>Presentaremos para ello una propuesta al Consejo Superior para crear una vicerrector\u00eda de extensi\u00f3n y hemos tomado el liderazgo para refundar la asociaci\u00f3n de egresados de la universidad con la participaci\u00f3n de miembros de las organizaciones de egresados de varias de las carreras Tenemos tambi\u00e9n stands en los que pueden inscribirse en la Asociaci\u00f3n de Egresados de la Universidad.<\/p>\n<p>Se trata de promover, a trav\u00e9s de la afiliaci\u00f3n a la asociaci\u00f3n de egresados, actividades de promoci\u00f3n y extensi\u00f3n no s\u00f3lo en Cali, sino a lo largo y ancho del de la regi\u00f3n en las sedes regionales.<\/p>\n<p><img loading=\"lazy\" decoding=\"async\" class=\"aligncenter\" src=\"http:\/\/www.univalle.edu.co\/images\/grados-univalle-junio-2018-4.jpg\" alt=\"\" width=\"600\" height=\"400\" \/><\/p>\n<\/div>\n","protected":false},"excerpt":{"rendered":"<p>Agencia de Noticias Univalle La Universidad del Valle cuenta hoy con 31500 estudiantes y espera alcanzar en los pr\u00f3ximos cuatro a\u00f1os, la meta de 40 mil estudiantes vinculados a programas presenciales y virtuales de pregrado y posgrado. As\u00ed lo anunci\u00f3 el rector Edgar Varela Barrios, durante la ceremonia de grados[&#8230;]<\/p>\n","protected":false},"author":1,"featured_media":20253,"comment_status":"open","ping_status":"open","sticky":false,"template":"","format":"standard","meta":{"footnotes":""},"categories":[4],"tags":[],"_links":{"self":[{"href":"https:\/\/emisora.univalle.edu.co\/index.php\/wp-json\/wp\/v2\/posts\/20252"}],"collection":[{"href":"https:\/\/emisora.univalle.edu.co\/index.php\/wp-json\/wp\/v2\/posts"}],"about":[{"href":"https:\/\/emisora.univalle.edu.co\/index.php\/wp-json\/wp\/v2\/types\/post"}],"author":[{"embeddable":true,"href":"https:\/\/emisora.univalle.edu.co\/index.php\/wp-json\/wp\/v2\/users\/1"}],"replies":[{"embeddable":true,"href":"https:\/\/emisora.univalle.edu.co\/index.php\/wp-json\/wp\/v2\/comments?post=20252"}],"version-history":[{"count":1,"href":"https:\/\/emisora.univalle.edu.co\/index.php\/wp-json\/wp\/v2\/posts\/20252\/revisions"}],"predecessor-version":[{"id":20254,"href":"https:\/\/emisora.univalle.edu.co\/index.php\/wp-json\/wp\/v2\/posts\/20252\/revisions\/20254"}],"wp:featuredmedia":[{"embeddable":true,"href":"https:\/\/emisora.univalle.edu.co\/index.php\/wp-json\/wp\/v2\/media\/20253"}],"wp:attachment":[{"href":"https:\/\/emisora.univalle.edu.co\/index.php\/wp-json\/wp\/v2\/media?parent=20252"}],"wp:term":[{"taxonomy":"category","embeddable":true,"href":"https:\/\/emisora.univalle.edu.co\/index.php\/wp-json\/wp\/v2\/categories?post=20252"},{"taxonomy":"post_tag","embeddable":true,"href":"https:\/\/emisora.univalle.edu.co\/index.php\/wp-json\/wp\/v2\/tags?post=20252"}],"curies":[{"name":"wp","href":"https:\/\/api.w.org\/{rel}","templated":true}]}}