{"id":20255,"date":"2018-06-06T16:31:54","date_gmt":"2018-06-06T21:31:54","guid":{"rendered":"https:\/\/emisora.univalle.edu.co\/?p=20255"},"modified":"2018-06-06T16:31:54","modified_gmt":"2018-06-06T21:31:54","slug":"regresan-los-mercados-por-la-paz","status":"publish","type":"post","link":"https:\/\/emisora.univalle.edu.co\/index.php\/regresan-los-mercados-por-la-paz\/","title":{"rendered":"Regresan los Mercados por la Paz"},"content":{"rendered":"<p><span class=\"authorPost\">Agencia de Noticias Univalle<\/span><\/p>\n<div class=\"itemFullText\">\n<p>Campesinos, comunidades \u00e9tnicas y excombatientes del Departamento del Cauca se reunir\u00e1n en la Universidad del Valle en la tercera versi\u00f3n de los Mercados por la Paz, que se realizar\u00e1 este viernes 8 de junio, a las 9:00 a.m, en el espacio contiguo al Instituto de Educaci\u00f3n y Pedagog\u00eda del Campus de Mel\u00e9ndez de la Universidad del Valle<\/p>\n<p>Al igual que las dos jornadas anteriores, este ser\u00e1 un espacio de integraci\u00f3n y contar\u00e1 con nueva oferta de productos org\u00e1nicos.<\/p>\n<p>Los Mercados por la Paz hacen parte de las \u201cAcciones Solidarias para la Paz\u201d, que impulsa el Programa Institucional de la Universidad del Valle para fortalecer la construcci\u00f3n de paz territorial y contribuir a los procesos de justicia, econom\u00eda solidaria, equidad, soberan\u00eda alimentaria y vida digna.<\/p>\n<p>\u201cEsta actividad busca potenciar los proyectos productivos de las comunidades participantes a partir de la apertura de nuevos espacios que promuevan estas iniciativas, las cuales no solo involucran a v\u00edctimas del conflicto en el Departamento del Cauca sino tambi\u00e9n a peque\u00f1os campesinos de los espacios territoriales de capacitaci\u00f3n y reincorporaci\u00f3n del mismo lugar\u201d, mencion\u00f3 Paula Marcela Villani, coordinadora de la tercera versi\u00f3n de Mercados por la Paz.<\/p>\n<p>Este mercado solidario nace como un encuentro entre productores y consumidores, aportando al fortalecimiento de la relaci\u00f3n campo\/ciudad y la construcci\u00f3n de tejido social. Se trata de un proyecto que llega para establecerse en la Universidad del Valle y abastecer desde el campo con producci\u00f3n agroecol\u00f3gica a la comunidad universitaria.<\/p>\n<p><strong>Informes:<\/strong>\u00a0Oficina de Proyectos-DEEC<\/p>\n<p>Tel\u00e9fonos: 3212874 \u2013 3213144<\/p>\n<p><a href=\"mailto:logisticaproyectos.deec@correounivalle.edu.co\">logisticaproyectos.deec@correounivalle.edu.co<\/a><\/p>\n<p><a href=\"mailto:programa.paz@correounivalle.edu.co\">programa.paz@correounivalle.edu.co<\/a><\/p>\n<p>S\u00edguenos en\u00a0<a href=\"https:\/\/www.facebook.com\/programadepazuv\/\">https:\/\/www.facebook.com\/programadepazuv\/<\/a><\/p>\n<\/div>\n","protected":false},"excerpt":{"rendered":"<p>Agencia de Noticias Univalle Campesinos, comunidades \u00e9tnicas y excombatientes del Departamento del Cauca se reunir\u00e1n en la Universidad del Valle en la tercera versi\u00f3n de los Mercados por la Paz, que se realizar\u00e1 este viernes 8 de junio, a las 9:00 a.m, en el espacio contiguo al Instituto de Educaci\u00f3n[&#8230;]<\/p>\n","protected":false},"author":1,"featured_media":20256,"comment_status":"open","ping_status":"open","sticky":false,"template":"","format":"standard","meta":{"footnotes":""},"categories":[4],"tags":[],"_links":{"self":[{"href":"https:\/\/emisora.univalle.edu.co\/index.php\/wp-json\/wp\/v2\/posts\/20255"}],"collection":[{"href":"https:\/\/emisora.univalle.edu.co\/index.php\/wp-json\/wp\/v2\/posts"}],"about":[{"href":"https:\/\/emisora.univalle.edu.co\/index.php\/wp-json\/wp\/v2\/types\/post"}],"author":[{"embeddable":true,"href":"https:\/\/emisora.univalle.edu.co\/index.php\/wp-json\/wp\/v2\/users\/1"}],"replies":[{"embeddable":true,"href":"https:\/\/emisora.univalle.edu.co\/index.php\/wp-json\/wp\/v2\/comments?post=20255"}],"version-history":[{"count":1,"href":"https:\/\/emisora.univalle.edu.co\/index.php\/wp-json\/wp\/v2\/posts\/20255\/revisions"}],"predecessor-version":[{"id":20257,"href":"https:\/\/emisora.univalle.edu.co\/index.php\/wp-json\/wp\/v2\/posts\/20255\/revisions\/20257"}],"wp:featuredmedia":[{"embeddable":true,"href":"https:\/\/emisora.univalle.edu.co\/index.php\/wp-json\/wp\/v2\/media\/20256"}],"wp:attachment":[{"href":"https:\/\/emisora.univalle.edu.co\/index.php\/wp-json\/wp\/v2\/media?parent=20255"}],"wp:term":[{"taxonomy":"category","embeddable":true,"href":"https:\/\/emisora.univalle.edu.co\/index.php\/wp-json\/wp\/v2\/categories?post=20255"},{"taxonomy":"post_tag","embeddable":true,"href":"https:\/\/emisora.univalle.edu.co\/index.php\/wp-json\/wp\/v2\/tags?post=20255"}],"curies":[{"name":"wp","href":"https:\/\/api.w.org\/{rel}","templated":true}]}}