{"id":20279,"date":"2018-06-13T10:54:01","date_gmt":"2018-06-13T15:54:01","guid":{"rendered":"https:\/\/emisora.univalle.edu.co\/?p=20279"},"modified":"2018-06-13T10:54:01","modified_gmt":"2018-06-13T15:54:01","slug":"rector-presento-libro-sobre-administracion-en-barranquilla","status":"publish","type":"post","link":"https:\/\/emisora.univalle.edu.co\/index.php\/rector-presento-libro-sobre-administracion-en-barranquilla\/","title":{"rendered":"Rector present\u00f3 libro sobre administraci\u00f3n en Barranquilla"},"content":{"rendered":"<p><span class=\"authorPost\">Agencia de Noticias Univalle<\/span><\/p>\n<div class=\"itemFullText\">\n<p>El rector de la Universidad del Valle Edgar Varela Barrios present\u00f3 su libro \u201cLa Hegemon\u00eda del Management: una genealog\u00eda del poder managerial\u201d, en un acto realizado en el Auditorio Los Fundadores de la Universidad Sim\u00f3n Bol\u00edvar de Barranquilla.<\/p>\n<p>La presentaci\u00f3n de esta publicaci\u00f3n hizo parte del \u00abII Coloquio doctoral en administraci\u00f3n. Oportunidades y desaf\u00edos de la gesti\u00f3n empresarial en Colombia\u00bb, que organiz\u00f3 la Unisim\u00f3n.<\/p>\n<p>En su libro, el rector Varela Barrios analiza la expansi\u00f3n y las transformaciones del management, desde sus inicios modernos a comienzos del siglo pasado, hasta constituirse hoy en un modelo hegem\u00f3nico de gobernanza de empresas, administraciones p\u00fablicas y de diversas esferas organizacionales y relacionales, en contextos derivados de la liberalizaci\u00f3n de pol\u00edticas y mercados, y de la globalizaci\u00f3n en todos los \u00f3rdenes de la vida p\u00fablica.<\/p>\n<p>La obra hace parte de varias publicaciones elaboradas en los \u00faltimos a\u00f1os por el profesor Edgar Varela Barrios, cuyas tem\u00e1ticas han sido tratadas por el autor ante auditorios de pa\u00edses como Brasil, Espa\u00f1a, M\u00e9xico y Per\u00fa, entre otros.<\/p>\n<p>Durante la presentaci\u00f3n del libro se realiz\u00f3 un conversatorio con el autor, adem\u00e1s cont\u00f3 con la participaci\u00f3n del profesor \u00c1lvaro Zapata Dom\u00ednguez, director del Doctorado de Administraci\u00f3n de la Universidad del Norte; el profesor Guillermo Murillo Vargas, coordinador del Consejo Nacional de Acreditaci\u00f3n y profesor de la Universidad del Valle y Oscar Lopez Pulecio, abogado y columnista del diario El Pa\u00eds.<\/p>\n<p>Durante dos horas se desarroll\u00f3 una amena y profunda charla sobre la influencia que ejerce el management en todas las situaciones y aspectos de la vida moderna, incluida la pol\u00edtica y la organizaci\u00f3n social.<\/p>\n<p>Al evento asistieron entre otras personalidades el exgobernador del Atl\u00e1ntico y exministro de Estado Carlos Rodado Noriega y el exministro de minas Am\u00edlcar Acosta. Asistieron adem\u00e1s especialistas de distintas universidades en los temas administrativos, asistentes del coloquio, adem\u00e1s de docentes de administraci\u00f3n de la Unisim\u00f3n.<\/p>\n<p>El profesor Edgar Varela Barrios es Ph.D en Administraci\u00f3n de la Escuela de Altos Estudios Comerciales HEC de Montreal-Canad\u00e1, Mag\u00edster en Historia Andina y Licenciado en Filosof\u00eda de la Universidad del Valle.<\/p>\n<p>Desde hace 23 a\u00f1os se desempe\u00f1a como investigador y profesor titular de la Facultad de Ciencias de la Administraci\u00f3n de la Universidad del Valle en cursos de doctorado, maestr\u00edas y pregrado en c\u00e1tedras como: doctrinas pol\u00edticas; administraci\u00f3n de lo p\u00fablico y lo privado, y teor\u00eda organizacional. teor\u00eda pol\u00edtica, sociolog\u00eda de la empresa, estudios interdisciplinarios de la organizaci\u00f3n, seminarios de administraci\u00f3n p\u00fablica, epistemolog\u00eda, trabajo, sociedad y management, y gerencia p\u00fablica.<\/p>\n<p>Rector de la Universidad del Valle desde noviembre de 2015, es el actual presidente del Grupo Latinoamericano por la Administraci\u00f3n P\u00fablica \u2013GLAP- que hace parte del Instituto Internacional de Ciencias Administrativas con sede en Ginebra, Suiza y miembro de la Junta Directiva de ICETEX nacional.<\/p>\n<p>Como investigador ha contribuido a que la Universidad del Valle haga parte de redes de investigaci\u00f3n nacionales e internacionales, para la gesti\u00f3n y transferencia de conocimiento, especialmente en pol\u00edticas p\u00fablicas y management (t\u00e9cnica de direcci\u00f3n y gesti\u00f3n de empresas).<\/p>\n<p><img loading=\"lazy\" decoding=\"async\" class=\"aligncenter\" src=\"http:\/\/www.univalle.edu.co\/images\/libro-hegemonia-management-rector-varela.jpg\" alt=\"\" width=\"374\" height=\"550\" \/><\/p>\n<\/div>\n","protected":false},"excerpt":{"rendered":"<p>Agencia de Noticias Univalle El rector de la Universidad del Valle Edgar Varela Barrios present\u00f3 su libro \u201cLa Hegemon\u00eda del Management: una genealog\u00eda del poder managerial\u201d, en un acto realizado en el Auditorio Los Fundadores de la Universidad Sim\u00f3n Bol\u00edvar de Barranquilla. La presentaci\u00f3n de esta publicaci\u00f3n hizo parte del[&#8230;]<\/p>\n","protected":false},"author":1,"featured_media":20280,"comment_status":"open","ping_status":"open","sticky":false,"template":"","format":"standard","meta":{"footnotes":""},"categories":[4],"tags":[],"_links":{"self":[{"href":"https:\/\/emisora.univalle.edu.co\/index.php\/wp-json\/wp\/v2\/posts\/20279"}],"collection":[{"href":"https:\/\/emisora.univalle.edu.co\/index.php\/wp-json\/wp\/v2\/posts"}],"about":[{"href":"https:\/\/emisora.univalle.edu.co\/index.php\/wp-json\/wp\/v2\/types\/post"}],"author":[{"embeddable":true,"href":"https:\/\/emisora.univalle.edu.co\/index.php\/wp-json\/wp\/v2\/users\/1"}],"replies":[{"embeddable":true,"href":"https:\/\/emisora.univalle.edu.co\/index.php\/wp-json\/wp\/v2\/comments?post=20279"}],"version-history":[{"count":1,"href":"https:\/\/emisora.univalle.edu.co\/index.php\/wp-json\/wp\/v2\/posts\/20279\/revisions"}],"predecessor-version":[{"id":20281,"href":"https:\/\/emisora.univalle.edu.co\/index.php\/wp-json\/wp\/v2\/posts\/20279\/revisions\/20281"}],"wp:featuredmedia":[{"embeddable":true,"href":"https:\/\/emisora.univalle.edu.co\/index.php\/wp-json\/wp\/v2\/media\/20280"}],"wp:attachment":[{"href":"https:\/\/emisora.univalle.edu.co\/index.php\/wp-json\/wp\/v2\/media?parent=20279"}],"wp:term":[{"taxonomy":"category","embeddable":true,"href":"https:\/\/emisora.univalle.edu.co\/index.php\/wp-json\/wp\/v2\/categories?post=20279"},{"taxonomy":"post_tag","embeddable":true,"href":"https:\/\/emisora.univalle.edu.co\/index.php\/wp-json\/wp\/v2\/tags?post=20279"}],"curies":[{"name":"wp","href":"https:\/\/api.w.org\/{rel}","templated":true}]}}