{"id":20291,"date":"2018-06-15T16:28:45","date_gmt":"2018-06-15T21:28:45","guid":{"rendered":"https:\/\/emisora.univalle.edu.co\/?p=20291"},"modified":"2018-06-15T16:28:45","modified_gmt":"2018-06-15T21:28:45","slug":"escuela-internacional-de-verano-2018","status":"publish","type":"post","link":"https:\/\/emisora.univalle.edu.co\/index.php\/escuela-internacional-de-verano-2018\/","title":{"rendered":"Escuela Internacional de Verano 2018"},"content":{"rendered":"<p><span class=\"authorPost\">Agencia de Noticias Univalle<\/span><\/p>\n<div class=\"itemFullText\">\n<p>La V Escuela Internacional de Verano 2018 , organizada por la Facultad de Ciencias de la Administraci\u00f3n se realizar\u00e1 entre el 23 de julio y el 3 de agosto de 2018, en el Campus San Fernando de la Universidad del Valle.<\/p>\n<p>Este es un evento acad\u00e9mico que ofrece, especialmente a estudiantes de posgrado, estudiantes de \u00faltimos semestres de pregrado, profesores y egresados, sin costo alguno, seminarios del m\u00e1s alto nivel acad\u00e9mico dictados por profesores de reconocida trayectoria internacional.<\/p>\n<p>El evento, el cual se realiza anualmente, tiene entre sus objetivos posibilitar la transferencia de conocimiento a la comunidad acad\u00e9mica durante el periodo de receso de vacaciones de mitad de a\u00f1o.<\/p>\n<p>La pre-inscripci\u00f3n estar\u00e1 abierta desde el 15 hasta el 29 de junio de 2018 en la p\u00e1gina web de la\u00a0<a href=\"http:\/\/administracion.univalle.edu.co\/\" target=\"_blank\" rel=\"noopener\">Facultad de Ciencias de la Administraci\u00f3n<\/a><\/p>\n<p><strong>Conferencias:<\/strong><\/p>\n<p>Estrategias de Internacionalizaci\u00f3n Empresarial, por Jos\u00e9 Pla Barber de la Universidad de Valencia en Espa\u00f1a.<\/p>\n<p>Marketing Empresarial Internacional \/ Marca Pa\u00eds \u2013 Marca Ciudad, por Julio Cervi\u00f1o de la Universidad Carlos III de Madrid Espa\u00f1a.<\/p>\n<p>Juegos Gerenciales, Tecnolog\u00eda del Entretenimiento, Serious Game, la Gamificaci\u00f3n, Creatividad en el Marketing, por \u00d3scar Garc\u00eda Pa\u00f1ella de la Universidad de Barcelona, Espa\u00f1a.<\/p>\n<p>Sistemas Internacionales de Informaci\u00f3n y Auditor\u00eda Financiera (SIIAF), por Sergio Ram\u00edrez Cacho de la Universidad de Colima, M\u00e9xico.<\/p>\n<p>Evaluaci\u00f3n cuantitativa de pol\u00edticas p\u00fablicas, por Andr\u00e9s Mauricio Arcila, de la Universidad del Waterloo, Canad\u00e1.<\/p>\n<p>La Alianza del Pac\u00edfico; proceso e impactos de una experiencia regional \u00fanica, ambiciosa, controvertida&#8230; a\u00fan inacabada, por Reynaldo Alfredo Benites de la Escuela de Estudios Superiores en Ciencias Sociales, Par\u00eds.<\/p>\n<p>Conozca la\u00a0<a href=\"https:\/\/drive.google.com\/file\/d\/1SLYfPG41lAxXToCW-Ntw8L23nlieI72y\/view\" target=\"_blank\" rel=\"noopener\">programaci\u00f3n completa aqu\u00ed.<\/a><\/p>\n<p>&nbsp;<\/p>\n<p><strong>Informes:<\/strong>\u00a0programa de Extensi\u00f3n Facultad de Ciencias de la Administraci\u00f3n.<\/p>\n<p><a href=\"mailto:extension.fca@correounivalle.edu.co\">extension.fca@correounivalle.edu.co<\/a><\/p>\n<p>Tel: 5556206<\/p>\n<\/div>\n","protected":false},"excerpt":{"rendered":"<p>Agencia de Noticias Univalle La V Escuela Internacional de Verano 2018 , organizada por la Facultad de Ciencias de la Administraci\u00f3n se realizar\u00e1 entre el 23 de julio y el 3 de agosto de 2018, en el Campus San Fernando de la Universidad del Valle. Este es un evento acad\u00e9mico[&#8230;]<\/p>\n","protected":false},"author":1,"featured_media":20292,"comment_status":"open","ping_status":"open","sticky":false,"template":"","format":"standard","meta":{"footnotes":""},"categories":[4],"tags":[],"_links":{"self":[{"href":"https:\/\/emisora.univalle.edu.co\/index.php\/wp-json\/wp\/v2\/posts\/20291"}],"collection":[{"href":"https:\/\/emisora.univalle.edu.co\/index.php\/wp-json\/wp\/v2\/posts"}],"about":[{"href":"https:\/\/emisora.univalle.edu.co\/index.php\/wp-json\/wp\/v2\/types\/post"}],"author":[{"embeddable":true,"href":"https:\/\/emisora.univalle.edu.co\/index.php\/wp-json\/wp\/v2\/users\/1"}],"replies":[{"embeddable":true,"href":"https:\/\/emisora.univalle.edu.co\/index.php\/wp-json\/wp\/v2\/comments?post=20291"}],"version-history":[{"count":1,"href":"https:\/\/emisora.univalle.edu.co\/index.php\/wp-json\/wp\/v2\/posts\/20291\/revisions"}],"predecessor-version":[{"id":20293,"href":"https:\/\/emisora.univalle.edu.co\/index.php\/wp-json\/wp\/v2\/posts\/20291\/revisions\/20293"}],"wp:featuredmedia":[{"embeddable":true,"href":"https:\/\/emisora.univalle.edu.co\/index.php\/wp-json\/wp\/v2\/media\/20292"}],"wp:attachment":[{"href":"https:\/\/emisora.univalle.edu.co\/index.php\/wp-json\/wp\/v2\/media?parent=20291"}],"wp:term":[{"taxonomy":"category","embeddable":true,"href":"https:\/\/emisora.univalle.edu.co\/index.php\/wp-json\/wp\/v2\/categories?post=20291"},{"taxonomy":"post_tag","embeddable":true,"href":"https:\/\/emisora.univalle.edu.co\/index.php\/wp-json\/wp\/v2\/tags?post=20291"}],"curies":[{"name":"wp","href":"https:\/\/api.w.org\/{rel}","templated":true}]}}