{"id":20313,"date":"2018-06-22T16:25:44","date_gmt":"2018-06-22T21:25:44","guid":{"rendered":"https:\/\/emisora.univalle.edu.co\/?p=20313"},"modified":"2018-06-22T16:26:18","modified_gmt":"2018-06-22T21:26:18","slug":"ninos-y-jovenes-se-acercan-a-la-investigacion","status":"publish","type":"post","link":"https:\/\/emisora.univalle.edu.co\/index.php\/ninos-y-jovenes-se-acercan-a-la-investigacion\/","title":{"rendered":"Ni\u00f1os y j\u00f3venes se acercan a la investigaci\u00f3n"},"content":{"rendered":"<p>En este evento se expusieron los proyectos de investigaci\u00f3n del Grupo Ondas Valle 2018, que coordina el Instituto de Educaci\u00f3n y Pedagog\u00eda.<\/p>\n<p>Algunos de los proyectos presentados est\u00e1n relacionados con el uso de energ\u00edas limpias, rob\u00f3tica, el uso de productos aut\u00f3ctonos de la regi\u00f3n, el desarrollo de habilidades comunicativas y el fomento de la cultura local, entre otros.<\/p>\n<p><img loading=\"lazy\" decoding=\"async\" class=\"aligncenter\" src=\"http:\/\/www.univalle.edu.co\/images\/img_noticias\/encuentro-ondas-valle-junio-2018-01.JPG\" alt=\"\" width=\"550\" height=\"366\" \/><\/p>\n<p>Desde el 2001, el Programa Ondas de Colciencias promueve en ni\u00f1os, ni\u00f1as, adolescentes y j\u00f3venes el inter\u00e9s por la investigaci\u00f3n y el desarrollo de actitudes y habilidades que les permitan insertarse de manera activa en una cultura de la ciencia, la tecnolog\u00eda y la innovaci\u00f3n.<\/p>\n<p>\u201cLos grupos que est\u00e1n aqu\u00ed son 25 mejores, seleccionados de 215 equipos que hay en todo el departamento. De estos ser\u00e1n escogidos 6, que representar\u00e1n al Valle en el encuentro regional, frente a grupos de otros departamentos\u201d mencion\u00f3 la profesora Mar\u00eda Claudia Solarte, coordinadora departamental del Programa Ondas y docente del Instituto de Educaci\u00f3n y Pedagog\u00eda.<\/p>\n<p><img loading=\"lazy\" decoding=\"async\" class=\"aligncenter\" src=\"http:\/\/www.univalle.edu.co\/images\/img_noticias\/encuentro-ondas-valle-junio-2018-02.JPG\" alt=\"\" width=\"550\" height=\"366\" \/><\/p>\n<p>\u201cEl a\u00f1o pasado el programa Ondas Valle se posicion\u00f3 como uno de los mejores del pa\u00eds porque uno de los grupos de investigaci\u00f3n represent\u00f3 al pa\u00eds en un encuentro a nivel internacional. Por esto, el Programa Ondas Valle nos llena de orgullo porque el trabajo que hacemos, lo adelantan los ni\u00f1os, acompa\u00f1ados por un equipo de asesores y expertos\u201d agreg\u00f3 la docente.<\/p>\n<p>Como explic\u00f3 la coordinadora de Ondas Valle, el programa se ejecuta en los 42 municipios del departamento, en l\u00edneas de investigaci\u00f3n como seguridad alimentaria, rob\u00f3tica, ciencias naturales, matem\u00e1ticas, lenguaje, medio ambiente, bienestar y convivencia, entre otros.<\/p>\n<p><img loading=\"lazy\" decoding=\"async\" class=\"aligncenter\" src=\"http:\/\/www.univalle.edu.co\/images\/img_noticias\/encuentro-ondas-valle-junio-2018-04.JPG\" alt=\"\" width=\"550\" height=\"366\" \/><\/p>\n<p>El Programa Ondas cuenta con el Componente de Apropiaci\u00f3n Social de CTeI desde donde se implementan escenarios que promueven la interacci\u00f3n e intercambio de saberes, pr\u00e1cticas y miradas sobre la ciencia y la investigaci\u00f3n.<\/p>\n<p>Una de las fortalezas de este programa es que los ni\u00f1os que hacen parte del proyecto se comprometen en hacer difusi\u00f3n de los conocimientos adquiridos con otros miembros de sus comunidades, de manera que todos se ven beneficiados con estas experiencias.<\/p>\n<p>Este a\u00f1o la Universidad del Valle se encuentra ejecutando el macroproyecto \u00abFortalecimiento de una cultura ciudadana de la ciencia, la tecnolog\u00eda e innovaci\u00f3n en ni\u00f1os, j\u00f3venes, maestros y comunidad a trav\u00e9s de la implementaci\u00f3n del Programa Ondas, en todo el departamento, Valle del Cauca, Occidente\u00bb. Este encuentro departamental es una de las actividades principales del macroproyecto, donde los ni\u00f1os y j\u00f3venes, en compa\u00f1\u00eda de sus maestros, presentaron las investigaciones que actualmente desarrollan en el marco del Programa Ondas Valle.<\/p>\n<p><img loading=\"lazy\" decoding=\"async\" class=\"aligncenter\" src=\"http:\/\/www.univalle.edu.co\/images\/img_noticias\/encuentro-ondas-valle-junio-2018-05.JPG\" alt=\"\" width=\"600\" height=\"400\" \/><\/p>\n","protected":false},"excerpt":{"rendered":"<p>En este evento se expusieron los proyectos de investigaci\u00f3n del Grupo Ondas Valle 2018, que coordina el Instituto de Educaci\u00f3n y Pedagog\u00eda. Algunos de los proyectos presentados est\u00e1n relacionados con el uso de energ\u00edas limpias, rob\u00f3tica, el uso de productos aut\u00f3ctonos de la regi\u00f3n, el desarrollo de habilidades comunicativas y[&#8230;]<\/p>\n","protected":false},"author":1,"featured_media":20316,"comment_status":"open","ping_status":"open","sticky":false,"template":"","format":"standard","meta":{"footnotes":""},"categories":[4],"tags":[],"_links":{"self":[{"href":"https:\/\/emisora.univalle.edu.co\/index.php\/wp-json\/wp\/v2\/posts\/20313"}],"collection":[{"href":"https:\/\/emisora.univalle.edu.co\/index.php\/wp-json\/wp\/v2\/posts"}],"about":[{"href":"https:\/\/emisora.univalle.edu.co\/index.php\/wp-json\/wp\/v2\/types\/post"}],"author":[{"embeddable":true,"href":"https:\/\/emisora.univalle.edu.co\/index.php\/wp-json\/wp\/v2\/users\/1"}],"replies":[{"embeddable":true,"href":"https:\/\/emisora.univalle.edu.co\/index.php\/wp-json\/wp\/v2\/comments?post=20313"}],"version-history":[{"count":1,"href":"https:\/\/emisora.univalle.edu.co\/index.php\/wp-json\/wp\/v2\/posts\/20313\/revisions"}],"predecessor-version":[{"id":20315,"href":"https:\/\/emisora.univalle.edu.co\/index.php\/wp-json\/wp\/v2\/posts\/20313\/revisions\/20315"}],"wp:featuredmedia":[{"embeddable":true,"href":"https:\/\/emisora.univalle.edu.co\/index.php\/wp-json\/wp\/v2\/media\/20316"}],"wp:attachment":[{"href":"https:\/\/emisora.univalle.edu.co\/index.php\/wp-json\/wp\/v2\/media?parent=20313"}],"wp:term":[{"taxonomy":"category","embeddable":true,"href":"https:\/\/emisora.univalle.edu.co\/index.php\/wp-json\/wp\/v2\/categories?post=20313"},{"taxonomy":"post_tag","embeddable":true,"href":"https:\/\/emisora.univalle.edu.co\/index.php\/wp-json\/wp\/v2\/tags?post=20313"}],"curies":[{"name":"wp","href":"https:\/\/api.w.org\/{rel}","templated":true}]}}