{"id":20317,"date":"2018-06-22T16:27:39","date_gmt":"2018-06-22T21:27:39","guid":{"rendered":"https:\/\/emisora.univalle.edu.co\/?p=20317"},"modified":"2018-06-22T16:27:39","modified_gmt":"2018-06-22T21:27:39","slug":"hemos-logrado-salvar-al-huv-gobernadora-del-valle","status":"publish","type":"post","link":"https:\/\/emisora.univalle.edu.co\/index.php\/hemos-logrado-salvar-al-huv-gobernadora-del-valle\/","title":{"rendered":"\u201cHemos logrado salvar al HUV\u201d: Gobernadora del Valle"},"content":{"rendered":"<p>\u201cNos interesa no solo mejorar el hospital como Empresa Social del Estado sino tambi\u00e9n que los usuarios y pacientes sepan que este es su hospital, que ya est\u00e1 recuperado. Esta es la mayor satisfacci\u00f3n que tenemos desde la junta directiva, la gobernaci\u00f3n y el HUV. Hemos logrado juntos salvar el hospital\u201d manifest\u00f3 la gobernadora Dilian Francisca Toro.<\/p>\n<p>La declaraci\u00f3n fue entregada por la mandataria durante una visita que realiz\u00f3 al HUV, en la cual estuvo acompa\u00f1ada del rector de la Universidad del Valle Edgar Varela Barrios, la vicerrectora acad\u00e9mica Liliana Arias Castillo, el gerente del HUV Irne Torres Castro, as\u00ed como docentes y personal m\u00e9dico.<\/p>\n<p><img loading=\"lazy\" decoding=\"async\" class=\"aligncenter\" src=\"http:\/\/www.univalle.edu.co\/images\/img_noticias\/visita-huv-gobernadora-junio-04.JPG\" alt=\"\" width=\"600\" height=\"336\" \/><\/p>\n<p>\u201cDesde hace dos a\u00f1os nos propusimos salvar al Hospital Universitario del Valle que estaba a punto de liquidarse y hemos trabajado en un proceso de salvamento que no ha sido f\u00e1cil: hemos reorganizado \u2018la casa\u2019, la parte administrativa, facturaci\u00f3n, los servicios han ido aumentando y mejorando\u201d a\u00f1adi\u00f3 la gobernadora.<\/p>\n<p>En la visita se hizo un recorrido por las zonas en las que se ha invertido en infraestructura, equipos como el tom\u00f3grafo para la Unidad de Apoyo Diagn\u00f3stico, el Servicio de Medicina Nuclear, las salas de cirug\u00eda de quemados y la recuperaci\u00f3n de las salas de parto del HUV, estas \u00faltimas que llevaban sin funcionar m\u00e1s de cinco a\u00f1os.<\/p>\n<p><img loading=\"lazy\" decoding=\"async\" class=\"aligncenter\" src=\"http:\/\/www.univalle.edu.co\/images\/img_noticias\/visita-huv-gobernadora-junio-03.JPG\" alt=\"\" width=\"600\" height=\"336\" \/><\/p>\n<p>Durante la visita, el rector de la Universidad Edgar Varela Barrios record\u00f3 que a diario, 400 personas de la universidad, entre residentes, internos y profesores, hacen presencia en este centro asistencial.<\/p>\n<p>\u201cCon estos equipos de alta complejidad se hace investigaci\u00f3n y formaci\u00f3n de alto nivel. Tenemos una gran cantidad de programas de especialidades m\u00e9dico quir\u00fargicas y pregrados como medicina y enfermer\u00eda, por eso necesitamos contar con lugares de pr\u00e1ctica de \u00faltima generaci\u00f3n para nuestros estudiantes. Recuperando el hospital, recuperamos los lugares de pr\u00e1ctica que nos pueden dar la calidad de la formaci\u00f3n m\u00e9dica de la universidad\u201d se\u00f1al\u00f3 el rector Varela Barrios.<\/p>\n<p>Por su parte, el gerente del hospital Irne Torres Castro manifest\u00f3 que \u201csin el apoyo de la universidad y la gobernaci\u00f3n es muy dif\u00edcil sacar adelante el hospital. Esto hace mucho m\u00e1s f\u00e1cil esta labor para nosotros, genera compromiso. Seguimos avanzando en el proceso de recuperaci\u00f3n del hospital\u201d.<\/p>\n<p><img loading=\"lazy\" decoding=\"async\" class=\"aligncenter\" src=\"http:\/\/www.univalle.edu.co\/images\/img_noticias\/visita-huv-gobernadora-junio-01.JPG\" alt=\"\" width=\"600\" height=\"336\" \/><\/p>\n<p>El funcionario Irne Torres mencion\u00f3 que recientemente se radic\u00f3 ante el Ministerio de Salud un proyecto para la adquisici\u00f3n de un acelerador lineal, un dispositivo que se usa com\u00fanmente para dar radioterapia de haz externo a enfermos con c\u00e1ncer y, que adem\u00e1s, para tratar todas las partes\/\u00f3rganos del cuerpo. Suministra rayos X de alta energ\u00eda o electrones a la regi\u00f3n del tumor del paciente. Seg\u00fan Torres, la adquisici\u00f3n de este equipo \u201cconvertir\u00e1 al HUV en el hospital de mayor demanda de pacientes de radioterapia en el suroccidente colombiano\u201d<\/p>\n<p>Como parte de la jornada, en el Auditorio Carlos Manzano de este centro asistencial se realiz\u00f3 el lanzamiento del programa \u2018El HUV est\u00e1 en Vos\u2019, dise\u00f1ado por el despacho de la Gestora Social del departamento Jimena Toro Torres. Esta es una estrategia de humanizaci\u00f3n, centrada en ofrecer una alternativa de cuidado integral a los pacientes, usuarios e hijos de los colaboradores del HUV, a trav\u00e9s de un trabajo intersectorial entre Infivalle, Incolballet, Bellas Artes, Secretar\u00eda de Educaci\u00f3n, Universidad del Valle, Biblioteca Departamental e Indervalle.<\/p>\n","protected":false},"excerpt":{"rendered":"<p>\u201cNos interesa no solo mejorar el hospital como Empresa Social del Estado sino tambi\u00e9n que los usuarios y pacientes sepan que este es su hospital, que ya est\u00e1 recuperado. Esta es la mayor satisfacci\u00f3n que tenemos desde la junta directiva, la gobernaci\u00f3n y el HUV. Hemos logrado juntos salvar el[&#8230;]<\/p>\n","protected":false},"author":1,"featured_media":20318,"comment_status":"open","ping_status":"open","sticky":false,"template":"","format":"standard","meta":{"footnotes":""},"categories":[4],"tags":[],"_links":{"self":[{"href":"https:\/\/emisora.univalle.edu.co\/index.php\/wp-json\/wp\/v2\/posts\/20317"}],"collection":[{"href":"https:\/\/emisora.univalle.edu.co\/index.php\/wp-json\/wp\/v2\/posts"}],"about":[{"href":"https:\/\/emisora.univalle.edu.co\/index.php\/wp-json\/wp\/v2\/types\/post"}],"author":[{"embeddable":true,"href":"https:\/\/emisora.univalle.edu.co\/index.php\/wp-json\/wp\/v2\/users\/1"}],"replies":[{"embeddable":true,"href":"https:\/\/emisora.univalle.edu.co\/index.php\/wp-json\/wp\/v2\/comments?post=20317"}],"version-history":[{"count":1,"href":"https:\/\/emisora.univalle.edu.co\/index.php\/wp-json\/wp\/v2\/posts\/20317\/revisions"}],"predecessor-version":[{"id":20319,"href":"https:\/\/emisora.univalle.edu.co\/index.php\/wp-json\/wp\/v2\/posts\/20317\/revisions\/20319"}],"wp:featuredmedia":[{"embeddable":true,"href":"https:\/\/emisora.univalle.edu.co\/index.php\/wp-json\/wp\/v2\/media\/20318"}],"wp:attachment":[{"href":"https:\/\/emisora.univalle.edu.co\/index.php\/wp-json\/wp\/v2\/media?parent=20317"}],"wp:term":[{"taxonomy":"category","embeddable":true,"href":"https:\/\/emisora.univalle.edu.co\/index.php\/wp-json\/wp\/v2\/categories?post=20317"},{"taxonomy":"post_tag","embeddable":true,"href":"https:\/\/emisora.univalle.edu.co\/index.php\/wp-json\/wp\/v2\/tags?post=20317"}],"curies":[{"name":"wp","href":"https:\/\/api.w.org\/{rel}","templated":true}]}}