{"id":20322,"date":"2018-06-26T09:46:09","date_gmt":"2018-06-26T14:46:09","guid":{"rendered":"https:\/\/emisora.univalle.edu.co\/?p=20322"},"modified":"2018-06-26T09:46:09","modified_gmt":"2018-06-26T14:46:09","slug":"este-viernes-innovaunivalle","status":"publish","type":"post","link":"https:\/\/emisora.univalle.edu.co\/index.php\/este-viernes-innovaunivalle\/","title":{"rendered":"Este viernes, InnovaUnivalle"},"content":{"rendered":"<p><span class=\"authorPost\">Agencia de Noticias Univalle<\/span><\/p>\n<div class=\"itemFullText\">\n<p>Para socializar los resultados del Sistema de Vigilancia Tecnol\u00f3gica para la Innovaci\u00f3n Educativa, la Universidad del Valle realizar\u00e1 \u201c#InnovaUnivalle, creando productos y servicios tecnol\u00f3gicos para la innovaci\u00f3n educativa\u201d, este viernes 29 de junio, a las 9:00 a.m., en el auditorio del Edificio E18 del Campus de Mel\u00e9ndez.<\/p>\n<p>Los resultados del Sistema de Vigilancia Tecnol\u00f3gica para la Innovaci\u00f3n Educativa se derivan de una investigaci\u00f3n en campo sobre las pr\u00e1cticas acad\u00e9micas en relaci\u00f3n a la integraci\u00f3n pedag\u00f3gica de las TIC, que se realiz\u00f3 con profesores de las escuelas de Ciencias del Lenguaje y Estudios Literarios de la Facultad de Humanidades.<\/p>\n<p>Este evento es organizado por la Direcci\u00f3n de Nuevas Tecnolog\u00edas y Educaci\u00f3n Virtual &#8211; Dintev.<\/p>\n<p>De este modo, la Dintev pone a disposici\u00f3n de la comunidad acad\u00e9mica productos y servicios tecnol\u00f3gicos probados y documentados, para su incorporaci\u00f3n en los procesos de ense\u00f1anza, aprendizaje e investigaci\u00f3n, los cuales se podr\u00e1n conocer en detalle en el evento de socializaci\u00f3n.<\/p>\n<\/div>\n","protected":false},"excerpt":{"rendered":"<p>Agencia de Noticias Univalle Para socializar los resultados del Sistema de Vigilancia Tecnol\u00f3gica para la Innovaci\u00f3n Educativa, la Universidad del Valle realizar\u00e1 \u201c#InnovaUnivalle, creando productos y servicios tecnol\u00f3gicos para la innovaci\u00f3n educativa\u201d, este viernes 29 de junio, a las 9:00 a.m., en el auditorio del Edificio E18 del Campus de[&#8230;]<\/p>\n","protected":false},"author":1,"featured_media":20323,"comment_status":"open","ping_status":"open","sticky":false,"template":"","format":"standard","meta":{"footnotes":""},"categories":[4],"tags":[],"_links":{"self":[{"href":"https:\/\/emisora.univalle.edu.co\/index.php\/wp-json\/wp\/v2\/posts\/20322"}],"collection":[{"href":"https:\/\/emisora.univalle.edu.co\/index.php\/wp-json\/wp\/v2\/posts"}],"about":[{"href":"https:\/\/emisora.univalle.edu.co\/index.php\/wp-json\/wp\/v2\/types\/post"}],"author":[{"embeddable":true,"href":"https:\/\/emisora.univalle.edu.co\/index.php\/wp-json\/wp\/v2\/users\/1"}],"replies":[{"embeddable":true,"href":"https:\/\/emisora.univalle.edu.co\/index.php\/wp-json\/wp\/v2\/comments?post=20322"}],"version-history":[{"count":1,"href":"https:\/\/emisora.univalle.edu.co\/index.php\/wp-json\/wp\/v2\/posts\/20322\/revisions"}],"predecessor-version":[{"id":20324,"href":"https:\/\/emisora.univalle.edu.co\/index.php\/wp-json\/wp\/v2\/posts\/20322\/revisions\/20324"}],"wp:featuredmedia":[{"embeddable":true,"href":"https:\/\/emisora.univalle.edu.co\/index.php\/wp-json\/wp\/v2\/media\/20323"}],"wp:attachment":[{"href":"https:\/\/emisora.univalle.edu.co\/index.php\/wp-json\/wp\/v2\/media?parent=20322"}],"wp:term":[{"taxonomy":"category","embeddable":true,"href":"https:\/\/emisora.univalle.edu.co\/index.php\/wp-json\/wp\/v2\/categories?post=20322"},{"taxonomy":"post_tag","embeddable":true,"href":"https:\/\/emisora.univalle.edu.co\/index.php\/wp-json\/wp\/v2\/tags?post=20322"}],"curies":[{"name":"wp","href":"https:\/\/api.w.org\/{rel}","templated":true}]}}