{"id":20325,"date":"2018-06-26T09:46:53","date_gmt":"2018-06-26T14:46:53","guid":{"rendered":"https:\/\/emisora.univalle.edu.co\/?p=20325"},"modified":"2018-06-26T09:46:53","modified_gmt":"2018-06-26T14:46:53","slug":"univalle-sigue-acompanando-el-plan-estrategico-de-emcali","status":"publish","type":"post","link":"https:\/\/emisora.univalle.edu.co\/index.php\/univalle-sigue-acompanando-el-plan-estrategico-de-emcali\/","title":{"rendered":"Univalle sigue acompa\u00f1ando el Plan Estrat\u00e9gico de Emcali"},"content":{"rendered":"<p><span class=\"authorPost\">Agencia de Noticias Univalle<\/span><\/p>\n<div class=\"itemFullText\">\n<p>A trav\u00e9s de equipos de expertos de distintas disciplinas, desde el segundo semestre de 2017 la Universidad del Valle acompa\u00f1a el plan estrat\u00e9gico de las Empresas Municipales de Cali -Emcali, la principal empresa de servicios p\u00fablicos del suroccidente colombiano, de la mano con la Alcald\u00eda de Cali y los estamentos directivos, t\u00e9cnicos y laborales de la empresa.<\/p>\n<p>Luego de una jornada informativa con los concejales de la ciudad, realizada recientemente por Emcali, la Alcald\u00eda y la Universidad del Valle; el Alma M\u00e1ter contin\u00faa con el proceso de acompa\u00f1amiento al plan estrat\u00e9gico, liderado desde el Instituto de Prospectiva de la Facultad de Ciencias de la Administraci\u00f3n.<\/p>\n<p>El gerente de Emcali Gustavo Jaramillo Vel\u00e1squez destac\u00f3 la oportunidad de generar un pacto por el salvamento de la empresa y lograr que tenga un norte claro y un rumbo constante con continuidad en todos sus procesos.<\/p>\n<p>El rector Edgar Varela Barrios inform\u00f3 que el proceso de acompa\u00f1amiento comprende, en primer lugar, la redefinici\u00f3n del modelo de gobernanza. El segundo componente es el despliegue del Plan Estrat\u00e9gico que consiste en afinar el plan para ser ejecutado por las unidades de negocio y las \u00e1reas de Emcali; el tercer componente es el acompa\u00f1amiento a la proyecci\u00f3n financiera de la organizaci\u00f3n, y en cuarto lugar, se realizar\u00e1 un apoyo a las unidades de negocio para su proceso de transformaci\u00f3n, a partir de una agenda en materia de agua, energ\u00eda y TIC.<\/p>\n<p>De igual manera, Univalle apoyar\u00e1 la difusi\u00f3n del plan estrat\u00e9gico ante los distintos actores sociales e institucionales de Cali, con el objeto de que la comunidad en general conozca los pormenores del documento y pueda participar en su desarrollo e implementaci\u00f3n.<\/p>\n<p>As\u00ed mismo, el rector Edgar Varela se\u00f1al\u00f3 que por varias d\u00e9cadas investigadores y grupos de investigaci\u00f3n de Univalle han analizado, en profundidad, la situaci\u00f3n de Emcali. Record\u00f3 que desde el 2007 el Grupo de Gesti\u00f3n y Pol\u00edticas P\u00fablicas \u2013GESPUV, creado bajo su orientaci\u00f3n en la Facultad de Ciencias de la Administraci\u00f3n, viene analizando distintos aspectos de la empresa, y en especial sus condiciones de gobernabilidad. El profesor Varela adelant\u00f3 una investigaci\u00f3n con la cual obtuvo su doctorado en la Escuela de Altos Estudios de Administraci\u00f3n en Montreal, Canad\u00e1 y escribi\u00f3 el libro \u201cGesti\u00f3n y gobernabilidad en Emcali. Liberalizaci\u00f3n de los servicios p\u00fablicos y vulnerabilidad de las burocracias\u201d.<\/p>\n<p>Durante la presentaci\u00f3n del plan estrat\u00e9gico de Emcali al Concejo de la ciudad, el rector Varela Barrios hizo un recuento de la situaci\u00f3n de la empresa en los \u00faltimos 16 a\u00f1os, se\u00f1alando problem\u00e1ticas de sus condiciones actuales. Ofreci\u00f3 tambi\u00e9n una perspectiva de los mercados de energ\u00eda, telefon\u00eda y agua y present\u00f3 detalles sobre los negocios potenciales en los que puede incursionar la empresa, tales como la provisi\u00f3n de paneles de energ\u00eda solar y el servicio de datos e internet de las cosas, entre otros.<\/p>\n<p>Tambi\u00e9n caracteriz\u00f3 el panorama competitivo en los distintos servicios e hizo un llamado a la dirigencia pol\u00edtica cale\u00f1a para que apoye una propuesta de futuro para Emcali, con el fin de que pueda constituirse en una compa\u00f1\u00eda estatal s\u00f3lida y proyectada a prestar servicios para la sociedad digital. El rector Edgar Varela record\u00f3 que la asesor\u00eda desarrollada con Emcali se hizo de la mano con todos los expertos de Univalle en los temas relacionados con la operaci\u00f3n y gerencia de la empresa y con la participaci\u00f3n de las directivas y empleados de la compa\u00f1\u00eda.<\/p>\n<p>La mayor parte de los 18 concejales asistentes intervino durante la sesi\u00f3n informativa y present\u00f3 sus posturas, preocupaciones y propuestas en relaci\u00f3n con el presente y futuro de la empresa.<\/p>\n<p>El Gerente Jaramillo Vel\u00e1squez plante\u00f3 desarrollar en mesas t\u00e9cnicas coordinadas por la Presidencia del Concejo, el an\u00e1lisis detallado de los proyectos previstos en el Plan Estrat\u00e9gico en sus componentes de acueducto, energ\u00eda y telecomunicaciones, as\u00ed como en temas tales como la unidad de caja, como la gesti\u00f3n financiera, dada la gran cantidad de anexos y aspectos t\u00e9cnicos espec\u00edficos que se han venido trabajando en los \u00faltimos seis meses.<\/p>\n<\/div>\n","protected":false},"excerpt":{"rendered":"<p>Agencia de Noticias Univalle A trav\u00e9s de equipos de expertos de distintas disciplinas, desde el segundo semestre de 2017 la Universidad del Valle acompa\u00f1a el plan estrat\u00e9gico de las Empresas Municipales de Cali -Emcali, la principal empresa de servicios p\u00fablicos del suroccidente colombiano, de la mano con la Alcald\u00eda de[&#8230;]<\/p>\n","protected":false},"author":1,"featured_media":20326,"comment_status":"open","ping_status":"open","sticky":false,"template":"","format":"standard","meta":{"footnotes":""},"categories":[4],"tags":[],"_links":{"self":[{"href":"https:\/\/emisora.univalle.edu.co\/index.php\/wp-json\/wp\/v2\/posts\/20325"}],"collection":[{"href":"https:\/\/emisora.univalle.edu.co\/index.php\/wp-json\/wp\/v2\/posts"}],"about":[{"href":"https:\/\/emisora.univalle.edu.co\/index.php\/wp-json\/wp\/v2\/types\/post"}],"author":[{"embeddable":true,"href":"https:\/\/emisora.univalle.edu.co\/index.php\/wp-json\/wp\/v2\/users\/1"}],"replies":[{"embeddable":true,"href":"https:\/\/emisora.univalle.edu.co\/index.php\/wp-json\/wp\/v2\/comments?post=20325"}],"version-history":[{"count":1,"href":"https:\/\/emisora.univalle.edu.co\/index.php\/wp-json\/wp\/v2\/posts\/20325\/revisions"}],"predecessor-version":[{"id":20327,"href":"https:\/\/emisora.univalle.edu.co\/index.php\/wp-json\/wp\/v2\/posts\/20325\/revisions\/20327"}],"wp:featuredmedia":[{"embeddable":true,"href":"https:\/\/emisora.univalle.edu.co\/index.php\/wp-json\/wp\/v2\/media\/20326"}],"wp:attachment":[{"href":"https:\/\/emisora.univalle.edu.co\/index.php\/wp-json\/wp\/v2\/media?parent=20325"}],"wp:term":[{"taxonomy":"category","embeddable":true,"href":"https:\/\/emisora.univalle.edu.co\/index.php\/wp-json\/wp\/v2\/categories?post=20325"},{"taxonomy":"post_tag","embeddable":true,"href":"https:\/\/emisora.univalle.edu.co\/index.php\/wp-json\/wp\/v2\/tags?post=20325"}],"curies":[{"name":"wp","href":"https:\/\/api.w.org\/{rel}","templated":true}]}}