{"id":20328,"date":"2018-06-26T09:48:26","date_gmt":"2018-06-26T14:48:26","guid":{"rendered":"https:\/\/emisora.univalle.edu.co\/?p=20328"},"modified":"2018-06-26T09:49:30","modified_gmt":"2018-06-26T14:49:30","slug":"20328-2","status":"publish","type":"post","link":"https:\/\/emisora.univalle.edu.co\/index.php\/20328-2\/","title":{"rendered":"Especializaci\u00f3n en Finanzas conmemora aniversario"},"content":{"rendered":"<p><em><span class=\"authorPost\">Agencia de Noticias Univalle<\/span><\/em><\/p>\n<div class=\"itemFullText\">\n<p>La Facultad de Ciencias de la Administraci\u00f3n y la Direcci\u00f3n de Posgrados de Contabilidad y Finanzas de la Universidad del Valle realizaron, recientemente, la conmemoraci\u00f3n de los 32 a\u00f1os de funcionamiento de la Especializaci\u00f3n en Finanzas y el inicio de su promoci\u00f3n No 50.<\/p>\n<p>El evento fue presidido por el Rector de la Universidad del Valle, Edgar Varela Barrios, quien felicit\u00f3 a los profesores del Departamento de Contabilidad y Finanzas por la valiosa contribuci\u00f3n durante estos a\u00f1os y la excelencia en la formaci\u00f3n acad\u00e9mica, que ha tenido un impacto positivo en la calidad de la gerencia financiera de nuestra regi\u00f3n.<\/p>\n<p>As\u00ed mismo, el rector dijo que la Especializaci\u00f3n en Finanzas es una de las m\u00e1s antiguas y exitosas de Univalle, \u201c50 promociones es una cifra muy representativa\u201d.<\/p>\n<p><img loading=\"lazy\" decoding=\"async\" class=\"aligncenter\" src=\"http:\/\/www.univalle.edu.co\/images\/especializacion-finanzas-promocion-50-01.jpg\" alt=\"\" width=\"600\" height=\"388\" \/><\/p>\n<p>Por su parte, el decano de la facultad de Ciencias de la administraci\u00f3n Rub\u00e9n Dar\u00edo Echeverri Romero record\u00f3 que desde su gesti\u00f3n, en su primer periodo de decanatura, crey\u00f3 firmemente en el proyecto \u201cera una gran apuesta y una excelente oportunidad para la instituci\u00f3n, y no nos equivocamos, porque fuimos una de las primeras universidades en Colombia en desarrollar un programa en finanzas de alta calidad. Estamos recordando un hito estrat\u00e9gico de desarrollo de la facultad que era fortalecer su l\u00ednea de trabajo en los posgrados, que a\u00f1os m\u00e1s tarde hicieron otras facultades de la universidad y de Colombia\u201d.<\/p>\n<p>El decano reconoci\u00f3 p\u00fablicamente a quienes pasaron por la direcci\u00f3n de este posgrado, \u201cquienes fueron los conceptualizadores y su alma y nervio, para perseverar, trabajar y ser muy consistente con la calidad y la excelencia. Creo que todos los programas de la facultad lo son, pero considero que la Especializaci\u00f3n en Finanzas se ha mantenido en esa l\u00ednea\u201d, se\u00f1al\u00f3.<\/p>\n<p>En el acto se rindi\u00f3 un homenaje especial a los profesores creadores del programa, a su primer director, el profesor Carlos Hugo Giraldo, a los profesores jubilados que tuvieron alg\u00fan v\u00ednculo con la especializaci\u00f3n, a sus familias y a cada uno de los directores de este programa de estudios.<\/p>\n<p>Como parte del evento se present\u00f3 la conferencia \u00abEl impacto en el mercado colombiano de las empresas de Servicios Financieros de base tecnol\u00f3gica \u2013 FINTECH \u00bb a cargo del profesor Carlos Alberto Gil, contador p\u00fablico, especialista en Finanzas y MBA.<\/p>\n<p><img loading=\"lazy\" decoding=\"async\" class=\"aligncenter\" src=\"http:\/\/www.univalle.edu.co\/images\/especializacion-finanzas-promocion-50-03.jpg\" alt=\"\" width=\"600\" height=\"400\" \/><\/p>\n<p>El Programa de Especializaci\u00f3n en Finanzas fue el primero en el suroccidente de Colombia y pionero a nivel nacional, con presencia en Florencia (Caquet\u00e1), Bogot\u00e1, Popay\u00e1n (Cauca), Pasto (Nari\u00f1o) y las sedes de Univalle en Buga y Tulu\u00e1. Actualmente cuentan con extensi\u00f3n del registro calificado las Sedes de Univalle en Zarzal y Buenaventura.<\/p>\n<p>La Especializaci\u00f3n en Finanzas busca aportar a los estudiantes el conocer, profundizar y apropiarse de los conocimientos de la administraci\u00f3n financiera, que le permitan tomar decisiones \u00f3ptimas, ajustadas a las condiciones econ\u00f3micas actuales y futuras de las organizaciones; fomentando en sus egresados un esp\u00edritu cr\u00edtico, anal\u00edtico y proactivo en el desempe\u00f1o de sus actividades profesionales.<\/p>\n<p><strong>Informes:<\/strong>\u00a0Facultad de Ciencias de la Administraci\u00f3n. Universidad del Valle. Tel: 3212100 Ext. 7590<\/p>\n<\/div>\n","protected":false},"excerpt":{"rendered":"<p>Agencia de Noticias Univalle La Facultad de Ciencias de la Administraci\u00f3n y la Direcci\u00f3n de Posgrados de Contabilidad y Finanzas de la Universidad del Valle realizaron, recientemente, la conmemoraci\u00f3n de los 32 a\u00f1os de funcionamiento de la Especializaci\u00f3n en Finanzas y el inicio de su promoci\u00f3n No 50. El evento[&#8230;]<\/p>\n","protected":false},"author":1,"featured_media":20329,"comment_status":"open","ping_status":"open","sticky":false,"template":"","format":"standard","meta":{"footnotes":""},"categories":[4],"tags":[],"_links":{"self":[{"href":"https:\/\/emisora.univalle.edu.co\/index.php\/wp-json\/wp\/v2\/posts\/20328"}],"collection":[{"href":"https:\/\/emisora.univalle.edu.co\/index.php\/wp-json\/wp\/v2\/posts"}],"about":[{"href":"https:\/\/emisora.univalle.edu.co\/index.php\/wp-json\/wp\/v2\/types\/post"}],"author":[{"embeddable":true,"href":"https:\/\/emisora.univalle.edu.co\/index.php\/wp-json\/wp\/v2\/users\/1"}],"replies":[{"embeddable":true,"href":"https:\/\/emisora.univalle.edu.co\/index.php\/wp-json\/wp\/v2\/comments?post=20328"}],"version-history":[{"count":2,"href":"https:\/\/emisora.univalle.edu.co\/index.php\/wp-json\/wp\/v2\/posts\/20328\/revisions"}],"predecessor-version":[{"id":20331,"href":"https:\/\/emisora.univalle.edu.co\/index.php\/wp-json\/wp\/v2\/posts\/20328\/revisions\/20331"}],"wp:featuredmedia":[{"embeddable":true,"href":"https:\/\/emisora.univalle.edu.co\/index.php\/wp-json\/wp\/v2\/media\/20329"}],"wp:attachment":[{"href":"https:\/\/emisora.univalle.edu.co\/index.php\/wp-json\/wp\/v2\/media?parent=20328"}],"wp:term":[{"taxonomy":"category","embeddable":true,"href":"https:\/\/emisora.univalle.edu.co\/index.php\/wp-json\/wp\/v2\/categories?post=20328"},{"taxonomy":"post_tag","embeddable":true,"href":"https:\/\/emisora.univalle.edu.co\/index.php\/wp-json\/wp\/v2\/tags?post=20328"}],"curies":[{"name":"wp","href":"https:\/\/api.w.org\/{rel}","templated":true}]}}