{"id":20332,"date":"2018-06-26T09:50:29","date_gmt":"2018-06-26T14:50:29","guid":{"rendered":"https:\/\/emisora.univalle.edu.co\/?p=20332"},"modified":"2018-06-26T09:50:29","modified_gmt":"2018-06-26T14:50:29","slug":"estudiantes-mexicanos-en-sedes-de-la-universidad","status":"publish","type":"post","link":"https:\/\/emisora.univalle.edu.co\/index.php\/estudiantes-mexicanos-en-sedes-de-la-universidad\/","title":{"rendered":"Estudiantes mexicanos en sedes de la Universidad"},"content":{"rendered":"<p><span class=\"authorPost\">Agencia de Noticias Univalle<\/span><\/p>\n<div class=\"itemFullText\">\n<p>Un grupo de 30 estudiantes mexicanos y colombianos participan del\u00a0XXIII Verano de la Investigaci\u00f3n Cient\u00edfica y Tecnol\u00f3gica del Pac\u00edfico que se realiza en la Universidad del Valle -Sede Zarzal.<\/p>\n<p>El\u00a0Verano de la Investigaci\u00f3n Cient\u00edfica y Tecnol\u00f3gica del Pac\u00edfico\u00a0es un programa acad\u00e9mico que convoca, anualmente, a estudiantes destacados para realizar una inmersi\u00f3n de dos meses en dos centros de investigaci\u00f3n, uno en M\u00e9xico y otro en el pa\u00eds seleccionado para la movilidad.<\/p>\n<p>El\u00a0Verano de la Investigaci\u00f3n Cient\u00edfica y Tecnol\u00f3gica del Pac\u00edfico hace parte de un\u00a0proyecto interinstitucional para el fortalecimiento de la investigaci\u00f3n y el posgrado del Pac\u00edfico, \u2018Programa Delf\u00edn\u2019, fundado\u00a0en 1995 por iniciativa de la Universidad de Occidente del Estado de Sinaloa de M\u00e9xico.<\/p>\n<p>El \u2018Programa\u00a0Delf\u00edn\u2019\u00a0busca la convergencia de ideas y aportes acad\u00e9micos en pro de crear una\u00a0cultura cient\u00edfico-tecnol\u00f3gica por medio de actividades de divulgaci\u00f3n para el conocimiento, aprovechamiento y valoraci\u00f3n de las tareas de investigaci\u00f3n y posgrado que realizan las instituciones de educaci\u00f3n superior del Pac\u00edfico.<\/p>\n<p>La realizaci\u00f3n del Verano, en el pa\u00eds, tiene como objetivo la articulaci\u00f3n de las instituciones de educaci\u00f3n superior entre M\u00e9xico y Colombia, el fortalecimiento en los procesos de investigaci\u00f3n en el Sistema de Regionalizaci\u00f3n y la formaci\u00f3n de capital intelectual de alto nivel acad\u00e9mico que contribuyan en el desarrollo regional, nacional e internacional.<\/p>\n<p>Los estudiantes interesados en participar del Programa deben cumplir al menos uno de los siguientes requisitos: estar afiliado al\u00a0Programa Delf\u00edn, no haber realizado dos veranos anteriores o, estar cursando al momento de realizar la solicitud cuarto semestre con un promedio m\u00ednimo de 4,5.<\/p>\n<p>Las \u00e1reas de conocimiento cient\u00edfico y tecnol\u00f3gico que hacen parte del programa son \u00e1rea I: f\u00edsica, matem\u00e1ticas y ciencias de la tierra, \u00e1rea II: biolog\u00eda y qu\u00edmica, \u00e1rea III: medicina y salud, \u00e1rea IV: humanidades y ciencias de la conducta, \u00e1rea V: sociales y econ\u00f3micas, \u00e1rea VI: biotecnolog\u00eda y ciencias agropecuarias, \u00e1rea VII: ingenier\u00eda e industria.<\/p>\n<p>En esta versi\u00f3n del Verano participar\u00e1n las sedes regionales de Zarzal, Yumbo, Caicedonia y Buenaventura de la Universidad del Valle, la Universidad Santiago de Cali, elInstituto Polit\u00e9cnico Nacional, el\u00a0Instituto Tecnol\u00f3gico de Acapulco, Universidad Aut\u00f3noma del Estado de M\u00e9xico, entre otros.<\/p>\n<p>El Verano culminar\u00e1 el pr\u00f3ximo tres de agosto en el marco del \u2018Congreso del Verano\u2019, evento en el cual los estudiantes presentan los proyectos desarrollados durante el Programa, que se realiza para\u00a0el fomento de la ciencia, innovaci\u00f3n y generaci\u00f3n de conocimiento en la comunidad.<\/p>\n<\/div>\n","protected":false},"excerpt":{"rendered":"<p>Agencia de Noticias Univalle Un grupo de 30 estudiantes mexicanos y colombianos participan del\u00a0XXIII Verano de la Investigaci\u00f3n Cient\u00edfica y Tecnol\u00f3gica del Pac\u00edfico que se realiza en la Universidad del Valle -Sede Zarzal. El\u00a0Verano de la Investigaci\u00f3n Cient\u00edfica y Tecnol\u00f3gica del Pac\u00edfico\u00a0es un programa acad\u00e9mico que convoca, anualmente, a estudiantes[&#8230;]<\/p>\n","protected":false},"author":1,"featured_media":20333,"comment_status":"open","ping_status":"open","sticky":false,"template":"","format":"standard","meta":{"footnotes":""},"categories":[4],"tags":[],"_links":{"self":[{"href":"https:\/\/emisora.univalle.edu.co\/index.php\/wp-json\/wp\/v2\/posts\/20332"}],"collection":[{"href":"https:\/\/emisora.univalle.edu.co\/index.php\/wp-json\/wp\/v2\/posts"}],"about":[{"href":"https:\/\/emisora.univalle.edu.co\/index.php\/wp-json\/wp\/v2\/types\/post"}],"author":[{"embeddable":true,"href":"https:\/\/emisora.univalle.edu.co\/index.php\/wp-json\/wp\/v2\/users\/1"}],"replies":[{"embeddable":true,"href":"https:\/\/emisora.univalle.edu.co\/index.php\/wp-json\/wp\/v2\/comments?post=20332"}],"version-history":[{"count":1,"href":"https:\/\/emisora.univalle.edu.co\/index.php\/wp-json\/wp\/v2\/posts\/20332\/revisions"}],"predecessor-version":[{"id":20334,"href":"https:\/\/emisora.univalle.edu.co\/index.php\/wp-json\/wp\/v2\/posts\/20332\/revisions\/20334"}],"wp:featuredmedia":[{"embeddable":true,"href":"https:\/\/emisora.univalle.edu.co\/index.php\/wp-json\/wp\/v2\/media\/20333"}],"wp:attachment":[{"href":"https:\/\/emisora.univalle.edu.co\/index.php\/wp-json\/wp\/v2\/media?parent=20332"}],"wp:term":[{"taxonomy":"category","embeddable":true,"href":"https:\/\/emisora.univalle.edu.co\/index.php\/wp-json\/wp\/v2\/categories?post=20332"},{"taxonomy":"post_tag","embeddable":true,"href":"https:\/\/emisora.univalle.edu.co\/index.php\/wp-json\/wp\/v2\/tags?post=20332"}],"curies":[{"name":"wp","href":"https:\/\/api.w.org\/{rel}","templated":true}]}}