{"id":20345,"date":"2018-07-04T10:52:59","date_gmt":"2018-07-04T15:52:59","guid":{"rendered":"https:\/\/emisora.univalle.edu.co\/?p=20345"},"modified":"2018-07-04T10:52:59","modified_gmt":"2018-07-04T15:52:59","slug":"antonio-jose-echeverry-perez-nuevo-secretario-general","status":"publish","type":"post","link":"https:\/\/emisora.univalle.edu.co\/index.php\/antonio-jose-echeverry-perez-nuevo-secretario-general\/","title":{"rendered":"Antonio Jos\u00e9 Echeverry P\u00e9rez, nuevo secretario general"},"content":{"rendered":"<p><span class=\"authorPost\">Agencia de Noticias Univalle<\/span><\/p>\n<div class=\"itemFullText\">\n<p>El profesor del Departamento de Historia Antonio Jos\u00e9 Echeverry P\u00e9rez tom\u00f3 posesi\u00f3n del cargo de secretario general de la Universidad del Valle ante el rector de la instituci\u00f3n Edgar Varela Barrios.<\/p>\n<p>El profesor Echeverry P\u00e9rez es licenciado en historia y mag\u00edster en Historia Andina de la Universidad del Valle y Doctor (Ph.D.) en Historia de Am\u00e9rica de la Universidad Pablo de Olivade \u2013 Espa\u00f1a.<\/p>\n<p>El profesor Echeverry est\u00e1 vinculado como docente de la Universidad desde el a\u00f1o 2004 y se ha desempe\u00f1ado como jefe del Departamento de Historia de la Facultad de Humanidades, director de la Maestr\u00eda en Historia y como representante profesoral en el Consejo Acad\u00e9mico de la Universidad del Valle.<\/p>\n<p>Durante el acto de juramento y posesi\u00f3n y posesi\u00f3n del cargo de secretario general, el rector Edgar Varela Barrios resalt\u00f3 la importancia de este cargo en el que se atienden asuntos relacionados con la gobernabilidad.<\/p>\n<p>La secretaria general realiza actividades similares a las de notariado y adem\u00e1s se encarga de la divulgaci\u00f3n de las decisiones de los \u00f3rganos directivos. Los nuevos retos, explic\u00f3 el profesor Echeverry P\u00e9rez, son los de liderar el manejo de los programas de Buen Gobierno y el \u00c1rea de Atenci\u00f3n al Ciudadano, adem\u00e1s de contribuir con la pol\u00edtica de paz y convivencia al interior de la Universidad y a nivel regional.<\/p>\n<\/div>\n","protected":false},"excerpt":{"rendered":"<p>Agencia de Noticias Univalle El profesor del Departamento de Historia Antonio Jos\u00e9 Echeverry P\u00e9rez tom\u00f3 posesi\u00f3n del cargo de secretario general de la Universidad del Valle ante el rector de la instituci\u00f3n Edgar Varela Barrios. El profesor Echeverry P\u00e9rez es licenciado en historia y mag\u00edster en Historia Andina de la[&#8230;]<\/p>\n","protected":false},"author":1,"featured_media":20346,"comment_status":"open","ping_status":"open","sticky":false,"template":"","format":"standard","meta":{"footnotes":""},"categories":[4],"tags":[],"_links":{"self":[{"href":"https:\/\/emisora.univalle.edu.co\/index.php\/wp-json\/wp\/v2\/posts\/20345"}],"collection":[{"href":"https:\/\/emisora.univalle.edu.co\/index.php\/wp-json\/wp\/v2\/posts"}],"about":[{"href":"https:\/\/emisora.univalle.edu.co\/index.php\/wp-json\/wp\/v2\/types\/post"}],"author":[{"embeddable":true,"href":"https:\/\/emisora.univalle.edu.co\/index.php\/wp-json\/wp\/v2\/users\/1"}],"replies":[{"embeddable":true,"href":"https:\/\/emisora.univalle.edu.co\/index.php\/wp-json\/wp\/v2\/comments?post=20345"}],"version-history":[{"count":1,"href":"https:\/\/emisora.univalle.edu.co\/index.php\/wp-json\/wp\/v2\/posts\/20345\/revisions"}],"predecessor-version":[{"id":20347,"href":"https:\/\/emisora.univalle.edu.co\/index.php\/wp-json\/wp\/v2\/posts\/20345\/revisions\/20347"}],"wp:featuredmedia":[{"embeddable":true,"href":"https:\/\/emisora.univalle.edu.co\/index.php\/wp-json\/wp\/v2\/media\/20346"}],"wp:attachment":[{"href":"https:\/\/emisora.univalle.edu.co\/index.php\/wp-json\/wp\/v2\/media?parent=20345"}],"wp:term":[{"taxonomy":"category","embeddable":true,"href":"https:\/\/emisora.univalle.edu.co\/index.php\/wp-json\/wp\/v2\/categories?post=20345"},{"taxonomy":"post_tag","embeddable":true,"href":"https:\/\/emisora.univalle.edu.co\/index.php\/wp-json\/wp\/v2\/tags?post=20345"}],"curies":[{"name":"wp","href":"https:\/\/api.w.org\/{rel}","templated":true}]}}