{"id":20365,"date":"2018-07-09T15:46:54","date_gmt":"2018-07-09T20:46:54","guid":{"rendered":"https:\/\/emisora.univalle.edu.co\/?p=20365"},"modified":"2018-07-09T15:46:54","modified_gmt":"2018-07-09T20:46:54","slug":"sede-cartago-realizo-escuela-internacional-de-formacion-avanzada","status":"publish","type":"post","link":"https:\/\/emisora.univalle.edu.co\/index.php\/sede-cartago-realizo-escuela-internacional-de-formacion-avanzada\/","title":{"rendered":"Sede Cartago realiz\u00f3 Escuela Internacional de Formaci\u00f3n Avanzada"},"content":{"rendered":"<p><span class=\"authorPost\">Agencia de Noticias Univalle<\/span><\/p>\n<div class=\"itemFullText\">\n<p>Gracias a la alianza estrat\u00e9gica entre la Universidad del Valle y la Universidad de Carolina del Sur &#8211; Estados Unidos, se desarroll\u00f3 la primera versi\u00f3n de la Escuela Internacional de Formaci\u00f3n Avanzada &#8211; EIFA 2018, en la Sede Regional Cartago.<\/p>\n<p>La primera versi\u00f3n de este evento se centr\u00f3 en el fortalecimiento de un turismo sostenible de talla mundial y convertir la actividad tur\u00edstica en una fuente principal de ingresos para el sector servicios en la econom\u00eda regional.<\/p>\n<p>Gracias a alianzas estrat\u00e9gicas con importantes universidades extranjeras, reconocidas a nivel mundial, las EIFA han fomentado el desarrollo, la dinamizaci\u00f3n de negocios y han hecho sinergia entre la academia y la praxis. A trav\u00e9s de este evento se re\u00fanen cada a\u00f1o exponentes del sector empresarial que a lo largo de los a\u00f1os se ha convertido en un referente cultural propio de la Universidad del Valle.<\/p>\n<p>La Universidad del Valle Sede Cartago es la primera del Sistema de Regionalizaci\u00f3n que ha llevado este gran referente cultural a su municipio, ofreciendo un evento de talla mundial.<\/p>\n<p>Esta primer versi\u00f3n en la Sede Regional Cartago cont\u00f3 con la participaci\u00f3n de importantes empresarios de la regi\u00f3n, representantes del sector tur\u00edstico y acad\u00e9mico, quienes resaltaron la importancia de este tipo de eventos en la ciudad. Entre las entidades que participaron de la EIFA se encuentra la C\u00e1mara de Comercio, Corporaci\u00f3n Diocesana, Casa del Virrey, Conservatorio Pedro Morales Pino, Alcald\u00eda Municipal, Aeropuerto Internacional Santa Ana, la Casa del Bordado Frixio y la Gobernaci\u00f3n del Valle, a trav\u00e9s de su programa Valle Inn, entre otros.<\/p>\n<p>\u201cEste tipo de eventos es un logro para la ciudad, para el sector tur\u00edstico y para la Universidad, al ser un referente para potenciar las capacidades naturales y distintivas que posee la regi\u00f3n, permitiendo que la academia se conecte a\u00fan m\u00e1s hacia su quehacer institucional, trayendo nuevas formas de ver, vivir y sentir la universidad para la comunidad universitaria\u201d dijo Fernando Echeverri Valencia, director de la Sede Cartago.<\/p>\n<p>El primer seminario fue dictado por Richard Harril, director e investigador del Instituto Internacional de Investigaciones Tur\u00edsticas de la Universidad de Carolina del Sur, quien centr\u00f3 su ponencia en las perspectivas de desarrollo tur\u00edstico de talla mundial sostenible y sustentable. Durante su ponencia dijo \u201cTodos los pa\u00edses han desarrollado una marca en torno al turismo, vendiendo su biodiversidad, sus atractivos naturales o sencillamente vendiendo una experiencia cultural, a trav\u00e9s de su gente\u201d.<\/p>\n<p>Para la Sede Cartago el reto es seguir consolidando y ofreciendo eventos internacionales que promuevan la formaci\u00f3n integral centrada en el estudiante, proyectando, a futuro, una segunda versi\u00f3n de la Escuela Internacional de Formaci\u00f3n Avanzada, la cual se encuentra madura y posicionada en la Universidad del Valle. La Sede Cartago busca promover eventos que aporten a la agenda de la ciudad y que tengan contenidos de valor que permitan la dinamizaci\u00f3n de diferentes sectores econ\u00f3micos de la regi\u00f3n.<\/p>\n<\/div>\n","protected":false},"excerpt":{"rendered":"<p>Agencia de Noticias Univalle Gracias a la alianza estrat\u00e9gica entre la Universidad del Valle y la Universidad de Carolina del Sur &#8211; Estados Unidos, se desarroll\u00f3 la primera versi\u00f3n de la Escuela Internacional de Formaci\u00f3n Avanzada &#8211; EIFA 2018, en la Sede Regional Cartago. La primera versi\u00f3n de este evento[&#8230;]<\/p>\n","protected":false},"author":1,"featured_media":20366,"comment_status":"open","ping_status":"open","sticky":false,"template":"","format":"standard","meta":{"footnotes":""},"categories":[4],"tags":[],"_links":{"self":[{"href":"https:\/\/emisora.univalle.edu.co\/index.php\/wp-json\/wp\/v2\/posts\/20365"}],"collection":[{"href":"https:\/\/emisora.univalle.edu.co\/index.php\/wp-json\/wp\/v2\/posts"}],"about":[{"href":"https:\/\/emisora.univalle.edu.co\/index.php\/wp-json\/wp\/v2\/types\/post"}],"author":[{"embeddable":true,"href":"https:\/\/emisora.univalle.edu.co\/index.php\/wp-json\/wp\/v2\/users\/1"}],"replies":[{"embeddable":true,"href":"https:\/\/emisora.univalle.edu.co\/index.php\/wp-json\/wp\/v2\/comments?post=20365"}],"version-history":[{"count":1,"href":"https:\/\/emisora.univalle.edu.co\/index.php\/wp-json\/wp\/v2\/posts\/20365\/revisions"}],"predecessor-version":[{"id":20367,"href":"https:\/\/emisora.univalle.edu.co\/index.php\/wp-json\/wp\/v2\/posts\/20365\/revisions\/20367"}],"wp:featuredmedia":[{"embeddable":true,"href":"https:\/\/emisora.univalle.edu.co\/index.php\/wp-json\/wp\/v2\/media\/20366"}],"wp:attachment":[{"href":"https:\/\/emisora.univalle.edu.co\/index.php\/wp-json\/wp\/v2\/media?parent=20365"}],"wp:term":[{"taxonomy":"category","embeddable":true,"href":"https:\/\/emisora.univalle.edu.co\/index.php\/wp-json\/wp\/v2\/categories?post=20365"},{"taxonomy":"post_tag","embeddable":true,"href":"https:\/\/emisora.univalle.edu.co\/index.php\/wp-json\/wp\/v2\/tags?post=20365"}],"curies":[{"name":"wp","href":"https:\/\/api.w.org\/{rel}","templated":true}]}}