{"id":20368,"date":"2018-07-12T12:42:27","date_gmt":"2018-07-12T17:42:27","guid":{"rendered":"https:\/\/emisora.univalle.edu.co\/?p=20368"},"modified":"2018-07-12T12:42:27","modified_gmt":"2018-07-12T17:42:27","slug":"el-30-de-las-aulas-de-univalle-seran-inteligentes-y-se-construiran-38-nuevos-salones","status":"publish","type":"post","link":"https:\/\/emisora.univalle.edu.co\/index.php\/el-30-de-las-aulas-de-univalle-seran-inteligentes-y-se-construiran-38-nuevos-salones\/","title":{"rendered":"El 30% de las aulas de Univalle ser\u00e1n inteligentes y se construir\u00e1n 38 nuevos salones"},"content":{"rendered":"<p><span class=\"authorPost\">Agencia de Noticias Univalle<\/span><\/p>\n<div class=\"itemFullText\">\n<p>Tomado de la p\u00e1gina de la\u00a0<a href=\"http:\/\/www.valledelcauca.gov.co\/publicaciones.php?id=42528\" target=\"_blank\" rel=\"noopener\">Gobernaci\u00f3n del Valle<\/a><\/p>\n<p>Durante la realizaci\u00f3n del Consejo Superior de la Universidad del Valle que preside la Gobernadora Dilian Francisca Toro Torres, su rector \u00c9dgar Varela, expres\u00f3 que est\u00e1 avanzando el proyecto de transformaci\u00f3n y ampliaci\u00f3n de aulas en la Universidad para mejorar la infraestructura y calidad de estudio.<\/p>\n<p>De las 590 que existen en los 11 campus de la Univalle, el 30% ser\u00e1n aulas inteligentes de aqu\u00ed al pr\u00f3ximo a\u00f1o, a fin de modernizar los procesos educativos del alma m\u00e1ter.<\/p>\n<p>\u201cSe han recuperado 120 aulas y al final del a\u00f1o vamos a entregar 38 nuevas aulas adicionales a las que estaban contempladas como utilizaci\u00f3n. Para el a\u00f1o entrante aspiramos a recuperar unas 150 aulas, un porcentaje superior al de este a\u00f1o. En el final del 2019 podemos estar hablando de un 30% de adecuaci\u00f3n con est\u00e1ndares de aulas inteligentes en el conjunto de las aulas universitarias\u201d, expres\u00f3 Varela.<\/p>\n<p>De acuerdo a este proyecto el funcionario expres\u00f3 que se van a construir nuevos edificios para mejorar y fortalecer la calidad educativa de la universidad.<\/p>\n<p>\u201cEn el caso de la Ciudad Universitaria de Mel\u00e9ndez, en Cali, la mejor opci\u00f3n es construir un nuevo edificio de aulas que lo vamos a acometer en el 2019 y costar\u00e1 entre los 12 y 13 mil millones de pesos. Vamos a hacer un edificio en la sede San Fernando y crearemos infraestructura de aulas regionales en varias sedes regionales\u201d, concluy\u00f3 el rector Varela.<\/p>\n<\/div>\n","protected":false},"excerpt":{"rendered":"<p>Agencia de Noticias Univalle Tomado de la p\u00e1gina de la\u00a0Gobernaci\u00f3n del Valle Durante la realizaci\u00f3n del Consejo Superior de la Universidad del Valle que preside la Gobernadora Dilian Francisca Toro Torres, su rector \u00c9dgar Varela, expres\u00f3 que est\u00e1 avanzando el proyecto de transformaci\u00f3n y ampliaci\u00f3n de aulas en la Universidad[&#8230;]<\/p>\n","protected":false},"author":1,"featured_media":20369,"comment_status":"open","ping_status":"open","sticky":false,"template":"","format":"standard","meta":{"footnotes":""},"categories":[4],"tags":[],"_links":{"self":[{"href":"https:\/\/emisora.univalle.edu.co\/index.php\/wp-json\/wp\/v2\/posts\/20368"}],"collection":[{"href":"https:\/\/emisora.univalle.edu.co\/index.php\/wp-json\/wp\/v2\/posts"}],"about":[{"href":"https:\/\/emisora.univalle.edu.co\/index.php\/wp-json\/wp\/v2\/types\/post"}],"author":[{"embeddable":true,"href":"https:\/\/emisora.univalle.edu.co\/index.php\/wp-json\/wp\/v2\/users\/1"}],"replies":[{"embeddable":true,"href":"https:\/\/emisora.univalle.edu.co\/index.php\/wp-json\/wp\/v2\/comments?post=20368"}],"version-history":[{"count":1,"href":"https:\/\/emisora.univalle.edu.co\/index.php\/wp-json\/wp\/v2\/posts\/20368\/revisions"}],"predecessor-version":[{"id":20370,"href":"https:\/\/emisora.univalle.edu.co\/index.php\/wp-json\/wp\/v2\/posts\/20368\/revisions\/20370"}],"wp:featuredmedia":[{"embeddable":true,"href":"https:\/\/emisora.univalle.edu.co\/index.php\/wp-json\/wp\/v2\/media\/20369"}],"wp:attachment":[{"href":"https:\/\/emisora.univalle.edu.co\/index.php\/wp-json\/wp\/v2\/media?parent=20368"}],"wp:term":[{"taxonomy":"category","embeddable":true,"href":"https:\/\/emisora.univalle.edu.co\/index.php\/wp-json\/wp\/v2\/categories?post=20368"},{"taxonomy":"post_tag","embeddable":true,"href":"https:\/\/emisora.univalle.edu.co\/index.php\/wp-json\/wp\/v2\/tags?post=20368"}],"curies":[{"name":"wp","href":"https:\/\/api.w.org\/{rel}","templated":true}]}}