{"id":20371,"date":"2018-07-12T12:47:09","date_gmt":"2018-07-12T17:47:09","guid":{"rendered":"https:\/\/emisora.univalle.edu.co\/?p=20371"},"modified":"2018-07-12T12:47:09","modified_gmt":"2018-07-12T17:47:09","slug":"realizadora-colombiana-registra-la-discriminacion-de-mujeres-inmigrantes","status":"publish","type":"post","link":"https:\/\/emisora.univalle.edu.co\/index.php\/realizadora-colombiana-registra-la-discriminacion-de-mujeres-inmigrantes\/","title":{"rendered":"Realizadora colombiana registra la discriminaci\u00f3n de mujeres inmigrantes"},"content":{"rendered":"<p><span class=\"authorPost\">Agencia de Noticias Univalle<\/span><\/p>\n<div class=\"itemFullText\">\n<p><em>Ang\u00e9lica Valverde, comunicadora social de Univalle, estrenar\u00e1 en Chile un documental que retrata la discriminaci\u00f3n que dos inmigrantes colombianas han vivido en dicho pa\u00eds.<\/em><\/p>\n<p>Tomado de la p\u00e1gina de la\u00a0<strong><a href=\"http:\/\/radio.uchile.cl\/2018\/07\/10\/realizadora-colombiana-registra-las-historias-de-discriminacion-de-las-mujeres-inmigrantes\/\" target=\"_blank\" rel=\"noopener\">Radio Universidad de Chile<\/a><\/strong><\/p>\n<p>El pr\u00f3ximo 20 de julio se estrenar\u00e1 en Antofagasta el documental Sue\u00f1os del desierto de la cineasta Ang\u00e9lica Valverde. La cinta exhibe el caso de dos mujeres colombianas que han debido asentarse en la zona en un contexto marcado por la discriminaci\u00f3n y el rechazo.<\/p>\n<p>En 2012, la realizadora colombiana Ang\u00e9lica Valverde lleg\u00f3 a vivir a Antofagasta. Para ella, el arribo significaba volver a una tierra que ya le era lejana. Esto, porque hace casi diez a\u00f1os hab\u00eda vivido entre Francia y Espa\u00f1a. No obstante, pese a las expectativas, se encontr\u00f3 con un ambiente marcado por la discriminaci\u00f3n.<\/p>\n<p>Un a\u00f1o despu\u00e9s de su llegada, sin embargo, la sorpresa fue mayor, ya que a trav\u00e9s de distintos medios se convoc\u00f3 a una marcha contra los inmigrantes.<\/p>\n<p>\u201cAl final esto se abort\u00f3, pero la convocatoria estuvo marcada por el racismo. A m\u00ed me sorprendi\u00f3 mucho ver que en Chile, en un estado de derecho democr\u00e1tico, pudiera pasar esto. Durante esos d\u00edas la sensaci\u00f3n de miedo fue generalizada. Hay que aclarar que la discriminaci\u00f3n y el racismo est\u00e1n en todas partes. El tema es que en Europa est\u00e1 mal calificado, en cambio, aqu\u00ed no. Eso me llam\u00f3 mucho la atenci\u00f3n, porque vi que aqu\u00ed exist\u00eda claramente una aceptaci\u00f3n del racismo, era algo reforzado socialmente\u201d, comenta la realizadora respecto de ese suceso.<\/p>\n<p>No obstante, para la documentalista, el hecho marc\u00f3 un antes y un despu\u00e9s. Por ello, decidi\u00f3 comenzar un proyecto capaz de retratar este rechazo. As\u00ed surgi\u00f3 el documental Sue\u00f1os del desierto que se estrenar\u00e1 el pr\u00f3ximo 20 de julio a las 18:30 horas en la Biblioteca Regional de Antofagasta.<\/p>\n<p>\u201cLa expectativa principal del documental es generar empat\u00eda. Quer\u00edamos dar a conocer aquello por lo que tienen que pasar estas personas cuando llegan ac\u00e1. Me refiero, independientemente del racismo, al proceso de separaci\u00f3n y la violencia que est\u00e1 presente de forma muy marcada en Antofagasta. La idea es que esta situaci\u00f3n se comprenda para que podamos convivir de manera pac\u00edfica y respetuosa\u201d, explica Ang\u00e9lica Valverde.<\/p>\n<p><strong>Las historias<\/strong><\/p>\n<p>El documental aborda tres historias principales: el relato en primera persona de la documentalista y las experiencias de Rafaela Castro (28) y Carmenza Flores (48).<\/p>\n<p>Estos casos fueron elegidos luego de un extenso proceso de investigaci\u00f3n, donde la realizadora lleg\u00f3 incluso a buscar voluntarias en centros de acogida.<\/p>\n<p>Finalmente, decidi\u00f3 abordar los relatos de estas mujeres, porque daban cuenta de experiencias diferentes de discriminaci\u00f3n.<\/p>\n<p>\u201cQuer\u00eda resaltar la visi\u00f3n de g\u00e9nero porque en el caso de las colombianas eran ellas las que llegaban primero y abr\u00edan camino. Luego se tra\u00edan a los hijos, a los nietos, a los sobrinos. Eso me llam\u00f3 mucho la atenci\u00f3n, porque es el caso contrario de los peruanos y los bolivianos que suelen llegar primero los hombres. Tambi\u00e9n me inclu\u00ed porque a mi me toc\u00f3 vivir la maternidad por primera vez aqu\u00ed\u201d, explica la realizadora.<\/p>\n<p>\u201cDespu\u00e9s busqu\u00e9 una variedad socioecon\u00f3mica de las profesiones. Ah\u00ed llegu\u00e9 a Rafaela, quien es actriz, y a Carmenza que no tiene formaci\u00f3n y que ha vivido en una situaci\u00f3n mucho m\u00e1s complicada, desplazada por la violencia\u201d, agrega.<\/p>\n<p>Seg\u00fan comenta Ang\u00e9lica Valverde, otro de los objetivos era exhibir c\u00f3mo la discriminaci\u00f3n era transversal.<\/p>\n<p>Esto se evidencia claramente en el caso de Rafaela, quien cuando comenz\u00f3 a trabajar como actriz, cuestion\u00f3 los papeles que le asignaban, ya que estos ten\u00edan que ver con el comercio sexual.<\/p>\n<p>Respecto de este punto, la documentalista cuestiona: \u201cLa gente que trabaja en estos tipos de medios siempre pone a un colombiano como narcotraficante y a una colombiana como prostituta. Con ello no est\u00e1n haciendo sino replicar estereotipos y contribuir a la discriminaci\u00f3n\u201d.<\/p>\n<p><strong>Coordenadas<\/strong><\/p>\n<p>Luego de su estreno, la pel\u00edcula volver\u00e1 a proyectarse el 21 de julio en Ruina Huanchaca a las 20:00 horas. Posteriormente, en noviembre tendr\u00e1 su presentaci\u00f3n en Colombia. La idea tambi\u00e9n es llegar a la televisi\u00f3n colombiana as\u00ed como a diferentes festivales.<\/p>\n<p><img loading=\"lazy\" decoding=\"async\" class=\"aligncenter\" src=\"http:\/\/www.univalle.edu.co\/images\/angelica-valverde-chile-documental.jpg\" alt=\"\" width=\"620\" height=\"753\" \/><\/p>\n<\/div>\n","protected":false},"excerpt":{"rendered":"<p>Agencia de Noticias Univalle Ang\u00e9lica Valverde, comunicadora social de Univalle, estrenar\u00e1 en Chile un documental que retrata la discriminaci\u00f3n que dos inmigrantes colombianas han vivido en dicho pa\u00eds. Tomado de la p\u00e1gina de la\u00a0Radio Universidad de Chile El pr\u00f3ximo 20 de julio se estrenar\u00e1 en Antofagasta el documental Sue\u00f1os del[&#8230;]<\/p>\n","protected":false},"author":1,"featured_media":20372,"comment_status":"open","ping_status":"open","sticky":false,"template":"","format":"standard","meta":{"footnotes":""},"categories":[4],"tags":[],"_links":{"self":[{"href":"https:\/\/emisora.univalle.edu.co\/index.php\/wp-json\/wp\/v2\/posts\/20371"}],"collection":[{"href":"https:\/\/emisora.univalle.edu.co\/index.php\/wp-json\/wp\/v2\/posts"}],"about":[{"href":"https:\/\/emisora.univalle.edu.co\/index.php\/wp-json\/wp\/v2\/types\/post"}],"author":[{"embeddable":true,"href":"https:\/\/emisora.univalle.edu.co\/index.php\/wp-json\/wp\/v2\/users\/1"}],"replies":[{"embeddable":true,"href":"https:\/\/emisora.univalle.edu.co\/index.php\/wp-json\/wp\/v2\/comments?post=20371"}],"version-history":[{"count":1,"href":"https:\/\/emisora.univalle.edu.co\/index.php\/wp-json\/wp\/v2\/posts\/20371\/revisions"}],"predecessor-version":[{"id":20373,"href":"https:\/\/emisora.univalle.edu.co\/index.php\/wp-json\/wp\/v2\/posts\/20371\/revisions\/20373"}],"wp:featuredmedia":[{"embeddable":true,"href":"https:\/\/emisora.univalle.edu.co\/index.php\/wp-json\/wp\/v2\/media\/20372"}],"wp:attachment":[{"href":"https:\/\/emisora.univalle.edu.co\/index.php\/wp-json\/wp\/v2\/media?parent=20371"}],"wp:term":[{"taxonomy":"category","embeddable":true,"href":"https:\/\/emisora.univalle.edu.co\/index.php\/wp-json\/wp\/v2\/categories?post=20371"},{"taxonomy":"post_tag","embeddable":true,"href":"https:\/\/emisora.univalle.edu.co\/index.php\/wp-json\/wp\/v2\/tags?post=20371"}],"curies":[{"name":"wp","href":"https:\/\/api.w.org\/{rel}","templated":true}]}}