{"id":20374,"date":"2018-07-12T12:51:03","date_gmt":"2018-07-12T17:51:03","guid":{"rendered":"https:\/\/emisora.univalle.edu.co\/?p=20374"},"modified":"2018-07-12T12:51:03","modified_gmt":"2018-07-12T17:51:03","slug":"en-vacaciones-univalle-es-la-opcion","status":"publish","type":"post","link":"https:\/\/emisora.univalle.edu.co\/index.php\/en-vacaciones-univalle-es-la-opcion\/","title":{"rendered":"En vacaciones, Univalle es la opci\u00f3n"},"content":{"rendered":"<p>Agencia de Noticias Univalle<\/p>\n<p>Para facilitar espacios de formaci\u00f3n integral de los estudiantes, durante las vacaciones de mitad de a\u00f1o, la Universidad del Valle abre sus espacios deportivos.<\/p>\n<p>La Secci\u00f3n Cultura, Recreaci\u00f3n y Deporte de la Vicerrector\u00eda de Bienestar Universitario invita a la comunidad universitaria a disfrutar del Centro Deportivo Universitario en el periodo comprendido entre el 18 de junio y el 17 de agosto.<\/p>\n<p>El CDU estar\u00e1 disponible de lunes a viernes de 9:00 am a 5:00 pm. El servicio de piscina estar\u00e1 habilitado desde las 10:00 am.<\/p>\n<p>C\u00e9sar Bola\u00f1os, cordinador de la Secci\u00f3n de Cultura, Recreaci\u00f3n y Deportes, expres\u00f3 la importancia de mantener disponibles los espacios deportivos para la comunidad universitaria, dado que son lugares habilitados para la formaci\u00f3n integral, proceso que no se detiene durante el per\u00edodo vacacional.<\/p>\n<p>Adem\u00e1s, reiter\u00f3 la invitaci\u00f3n a los estudiantes para que disfruten las instalaciones de la Universidad, que prestan un servicio gratuito y de excelente calidad.<\/p>\n<p>La Vicerrector\u00eda de Bienestar Universitario hace eco de esta invitaci\u00f3n y espera, durante los pr\u00f3ximos semestres, seguir fomentando la apertura de espacios para la formaci\u00f3n integral de forma permanente.<\/p>\n","protected":false},"excerpt":{"rendered":"<p>Agencia de Noticias Univalle Para facilitar espacios de formaci\u00f3n integral de los estudiantes, durante las vacaciones de mitad de a\u00f1o, la Universidad del Valle abre sus espacios deportivos. La Secci\u00f3n Cultura, Recreaci\u00f3n y Deporte de la Vicerrector\u00eda de Bienestar Universitario invita a la comunidad universitaria a disfrutar del Centro Deportivo[&#8230;]<\/p>\n","protected":false},"author":1,"featured_media":20375,"comment_status":"open","ping_status":"open","sticky":false,"template":"","format":"standard","meta":{"footnotes":""},"categories":[4],"tags":[],"_links":{"self":[{"href":"https:\/\/emisora.univalle.edu.co\/index.php\/wp-json\/wp\/v2\/posts\/20374"}],"collection":[{"href":"https:\/\/emisora.univalle.edu.co\/index.php\/wp-json\/wp\/v2\/posts"}],"about":[{"href":"https:\/\/emisora.univalle.edu.co\/index.php\/wp-json\/wp\/v2\/types\/post"}],"author":[{"embeddable":true,"href":"https:\/\/emisora.univalle.edu.co\/index.php\/wp-json\/wp\/v2\/users\/1"}],"replies":[{"embeddable":true,"href":"https:\/\/emisora.univalle.edu.co\/index.php\/wp-json\/wp\/v2\/comments?post=20374"}],"version-history":[{"count":1,"href":"https:\/\/emisora.univalle.edu.co\/index.php\/wp-json\/wp\/v2\/posts\/20374\/revisions"}],"predecessor-version":[{"id":20376,"href":"https:\/\/emisora.univalle.edu.co\/index.php\/wp-json\/wp\/v2\/posts\/20374\/revisions\/20376"}],"wp:featuredmedia":[{"embeddable":true,"href":"https:\/\/emisora.univalle.edu.co\/index.php\/wp-json\/wp\/v2\/media\/20375"}],"wp:attachment":[{"href":"https:\/\/emisora.univalle.edu.co\/index.php\/wp-json\/wp\/v2\/media?parent=20374"}],"wp:term":[{"taxonomy":"category","embeddable":true,"href":"https:\/\/emisora.univalle.edu.co\/index.php\/wp-json\/wp\/v2\/categories?post=20374"},{"taxonomy":"post_tag","embeddable":true,"href":"https:\/\/emisora.univalle.edu.co\/index.php\/wp-json\/wp\/v2\/tags?post=20374"}],"curies":[{"name":"wp","href":"https:\/\/api.w.org\/{rel}","templated":true}]}}