{"id":20377,"date":"2018-07-16T17:19:11","date_gmt":"2018-07-16T22:19:11","guid":{"rendered":"https:\/\/emisora.univalle.edu.co\/?p=20377"},"modified":"2018-07-16T17:19:11","modified_gmt":"2018-07-16T22:19:11","slug":"cali-es-referente-latino-en-la-atencion-al-cancer","status":"publish","type":"post","link":"https:\/\/emisora.univalle.edu.co\/index.php\/cali-es-referente-latino-en-la-atencion-al-cancer\/","title":{"rendered":"Cali es referente latino en la atenci\u00f3n al c\u00e1ncer"},"content":{"rendered":"<p><span class=\"authorPost\">Agencia de Noticias Univalle<\/span><\/p>\n<div class=\"itemFullText\">\n<p><em>En la Universidad del Valle se guardan los registros m\u00e1s completos de los casos de c\u00e1ncer ubicados en Cali en los \u00faltimos 40 a\u00f1os.<\/em><\/p>\n<p>Tomado del diario ecuatoriano\u00a0<a href=\"https:\/\/www.eltelegrafo.com.ec\/noticias\/sociedad\/6\/cali-es-referente-latino-en-la-atencion-al-cancer\" target=\"_blank\" rel=\"noopener\">El Tel\u00e9grafo<\/a><\/p>\n<p>En la ciudad colombiana, que es parte del Valle del Cauca, existe la base de datos oncol\u00f3gicos m\u00e1s consistente registrada en la regi\u00f3n desde hace 40 a\u00f1os.<\/p>\n<p>Cali no es solo la capital mundial de la salsa, tambi\u00e9n se caracteriza por ser la \u00fanica ciudad de la regi\u00f3n que tiene un registro pormenorizado de la incidencia del c\u00e1ncer.<\/p>\n<p>La urbe colombiana, cuyo clima, infraestructura y movimiento son muy similares a Guayaquil, tiene una poblaci\u00f3n de un poco m\u00e1s de 2.2 millones de habitantes.<\/p>\n<p>La localidad cale\u00f1a report\u00f3 un total de 2.600 fallecidos el a\u00f1o pasado por alg\u00fan tipo de c\u00e1ncer. De ellos 1.400 fueron mujeres y 1.200 hombres.<\/p>\n<p>En esta ciudad, que es parte del Valle del Cauca, se encuentra el departamento de patolog\u00eda de la Universidad del Valle, que levant\u00f3 desde 1962 el Registro Poblacional de C\u00e1ncer de Cali (RPCC) m\u00e1s detallado de la regi\u00f3n y considerado por los expertos como el m\u00e1s consistente del mundo.<\/p>\n<p>Incluso la Organizaci\u00f3n Mundial de la Salud (OMS) reconoci\u00f3 a este registro como el m\u00e1s completo y sostenible entre los pa\u00edses de medianos y bajos ingresos.<\/p>\n<p>A nivel ecuatoriano y quiz\u00e1s mundial, las estad\u00edsticas de esta enfermedad contemplan solo los casos que se reportan en el sistema de salud p\u00fablico, pero en Cali la diferencia radica en el aporte de los galenos particulares, quienes atienden esta patolog\u00eda en sus consultas privadas y contribuyen con sus datos a robustecer la data local.<\/p>\n<p>La informaci\u00f3n cuenta con datos provenientes de expedientes cl\u00ednicos de los m\u00e9dicos privados, la que la convierte en un archivo \u00fanico en su tipo a nivel internacional.<\/p>\n<p>\u201cAlgo muy particular, que solo funciona en Cali, es que los especialistas privados facilitan sus expedientes cl\u00ednicos para que podamos usarlos en nuestra estad\u00edstica\u201d, dijo Eduardo Bravo, director del RPCC, a una decena de periodistas de la regi\u00f3n que visitamos el centro especializado durante un foro de salud.<\/p>\n<p>Este registro, adem\u00e1s, sirvi\u00f3 de base para el trabajo investigativo de la colombiana Nubia Mu\u00f1oz, candidata al Premio Nobel de Medicina en 2008. Ella centr\u00f3 su atenci\u00f3n en la posible relaci\u00f3n entre c\u00e1ncer de cuello uterino y el virus del papiloma humano.<\/p>\n<p>\u201cLos primeros estudios de la investigadora se efectuaron en Cali, con datos de nuestro registro\u201d, explic\u00f3 Bravo.<\/p>\n<p>Gracias a la data del RPCC, se conoce y monitorea la tendencia en la incidencia de c\u00e1ncer en Santiago de Cali en las \u00faltimas 4 d\u00e9cadas. Este conocimiento sirve para la planificaci\u00f3n de actividades de prevenci\u00f3n y control oncol\u00f3gicas en la regi\u00f3n y en el pa\u00eds.<\/p>\n<p>Adem\u00e1s es un referente de asesor\u00eda para la formaci\u00f3n de nuevos registros de c\u00e1ncer en otras ciudades del pa\u00eds.<\/p>\n<p>Aporta en la docencia de epidemiolog\u00eda oncol\u00f3gica a nivel de pre y postgrado; y en proyectos de investigaci\u00f3n terminados, en curso y en fase de planeaci\u00f3n.<\/p>\n<p>Se calcula que la zona de influencia de Cali en atenci\u00f3n oncol\u00f3gica incluye a cerca de 9 millones de personas, ya que comprende toda la zona suroccidental de Colombia.<\/p>\n<p>Una gran parte de los pacientes llega desde los sectores rurales para ser atendidos en la ciudad. Ese precisamente es uno de los inconvenientes que presenta este pa\u00eds, as\u00ed como la falta de concentraci\u00f3n de los servicios oncol\u00f3gicos en un solo lugar.<\/p>\n<p>\u201cEstamos demor\u00e1ndonos m\u00e1s de 10 d\u00edas en pensar que una persona tiene c\u00e1ncer y m\u00e1s de 30 d\u00edas en darle inicio a un tratamiento\u201d, sostuvo Cristina Lesmes, secretaria de Salud departamental del Valle del Cauca.<\/p>\n<p>La base de datos del RPCC comprende estad\u00edsticas demogr\u00e1ficas, de tumor y de base diagn\u00f3stica de m\u00e1s de 100.000 casos nuevos de c\u00e1ncer en el \u00e1rea urbana de Cali. Esto es producto de la b\u00fasqueda activa y permanente de datos en todas las fuentes de informaci\u00f3n, preservando siempre la confidencialidad.<\/p>\n<p>La vigilancia, que hace el RPCC del c\u00e1ncer en Cali, revela una disminuci\u00f3n de la incidencia de la patolog\u00eda invasiva del cuello uterino.<\/p>\n<p>Seg\u00fan ese registro, buena parte de esta tendencia se deber\u00eda a la expansi\u00f3n de los programas de citolog\u00eda vaginal, que se incrementaron desde 1979 y alcanzan una cobertura superior al 95%.<\/p>\n<p>Pero no ocurre lo mismo con el c\u00e1ncer de mama, del cual se reporta un ascenso gradual y permanente.<\/p>\n<p>Por ello, el doctor Pelayo Correa -fundador del RPCC- cree necesario establecer cambios en los m\u00e9todos de diagn\u00f3stico temprano.<\/p>\n<p>\u201cLa mejor opci\u00f3n ser\u00e1 la ampliaci\u00f3n y mejor\u00eda de los servicios de mamograf\u00eda. Ello sugiere una inversi\u00f3n importante de recursos, por lo tanto es hora de darle la cara al problema\u201d, sostiene.<\/p>\n<p>Otro de los problemas oncol\u00f3gicos que va en aumento en Cali -como en el mundo- es el de pr\u00f3stata.<\/p>\n<p>La RPCC sugiere averiguar hasta qu\u00e9 punto el aumento de la incidencia se debe a la generalizaci\u00f3n del uso de las pruebas para medir el nivel sangu\u00edneo del ant\u00edgeno prost\u00e1tico espec\u00edfico.<\/p>\n<p><strong>Cali visible por el RPCC<\/strong><\/p>\n<p>El RPCC fue la principal raz\u00f3n para que la Uni\u00f3n Internacional contra el C\u00e1ncer (UICC) eligiera a esta ciudad colombiana como modelo para la iniciativa: \u201cDesaf\u00edo de las ciudades contra el c\u00e1ncer\u201d, conocido tambi\u00e9n como C\/Can 2025.<\/p>\n<p>Fue la primera urbe escogida por la UICC, en 2017, para ser parte del plan piloto que busca mejorar la calidad del tratamiento del c\u00e1ncer en los pr\u00f3ximos 3 a\u00f1os.<\/p>\n<p>\u201cEl \u00e9xito depender\u00e1 de la consecuci\u00f3n de mayores recursos para luchar contra esta enfermedad y de que el modelo se imite por todo el mundo\u201d, anticip\u00f3 Ricardo Camacho, asesor especial de la UICC.<\/p>\n<p>Para la secretaria departamental de Salud del Valle de Cauca en el a\u00f1o que transcurri\u00f3 -desde la designaci\u00f3n de Cali como ciudad piloto- se logr\u00f3 sentar en la mesa a todos los actores que son parte del sistema de salud y del abordaje concreto del c\u00e1ncer.<\/p>\n<p>\u201cLa mayor preocupaci\u00f3n para nosotros era que pudi\u00e9semos juntar a 182 funcionarios p\u00fablicos y privados de todos las categor\u00edas y especialidades y as\u00ed obtuvimos un primer diagn\u00f3stico que nos ha facilitado la ruta\u201d.<\/p>\n<p>Se estableci\u00f3, adem\u00e1s, que es prioritario una inversi\u00f3n de recursos elevada con respecto a la tecnolog\u00eda diagn\u00f3stica y de manejo oncol\u00f3gica.<\/p>\n<p>Para ello ya cuentan con un plan a trav\u00e9s de fondos p\u00fablicos.<\/p>\n<p>\u201cPresentamos 2 proyectos al Ministerio de Salud y tenemos pr\u00e1cticamente financiada una tecnolog\u00eda muy importante en el hospital universitario. Adem\u00e1s vamos a abrir camino con el equipo de tomograf\u00eda PET que es indispensable y del cual se requieren al menos 5 en la ciudad\u201d.<\/p>\n<p>Todo el avance que registre Cali -en el manejo del diagn\u00f3stico y del tratamiento del c\u00e1ncer- involucrar\u00e1 al suroccidente del pa\u00eds, donde se asientan departamentos de mayor vulnerabilidad como Nari\u00f1o y Putumayo.<\/p>\n<p>Precisamente, estos sectores son los que presentan mayores dificultades por el tiempo que deben emplear para trasladarse a la ciudad.<\/p>\n<p>Solo entre Cali y Putumayo hay una distancia terrestre de 3 horas y 30 minutos. La ausencia de un soporte econ\u00f3mico de las familias pobres -que llegan a Cali y que deben permanecer mientras dure el tratamiento- genera que muchas personas, sobre todo las madres, renuncien al proceso terap\u00e9utico de sus ni\u00f1os por cuidar de la familia en sus lugares de origen.<\/p>\n<p>\u201cEste es un problema para el cual todav\u00eda no hemos encontrado una soluci\u00f3n porque implica m\u00e1s que solamente el manejo m\u00e9dico del paciente\u201d. Otro de los inconvenientes, sin respuesta a\u00fan, es la falta de \u201ccamas solidarias\u201d. En Colombia no existen los espacios f\u00edsicos -sin costo- donde puedan quedarse en la ciudad, la madre y su ni\u00f1o, la familia o el paciente para recibir su tratamiento continuo.<\/p>\n<p>\u201cEsta es una dificultad importante y un gasto emocional por el hecho de desplazar a uno de sus miembros y dejarlo solo o tener que acompa\u00f1arlo\u201d, acota Lesmes.<\/p>\n<p>En lo que s\u00ed hay avances es en la formaci\u00f3n profesional. Se actualiz\u00f3 a los pat\u00f3logos del departamento del Valle y existe un nexo con Espa\u00f1a para capacitar a los especialistas que ya tienen t\u00edtulo y a aquellos que est\u00e1n a\u00fan en formaci\u00f3n universitaria.<\/p>\n<p>La UICC apoya t\u00e9cnicamente y muestra caminos alternativos que podr\u00edan ayudar a conseguir el financiamiento necesario de los recursos econ\u00f3micos.<\/p>\n<p>Pero en Colombia hay una dificultad para encontrar una fuente que subvencione los recursos que deben pagarse en salud; y que por decisi\u00f3n del Gobierno es una responsabilidad territorial.<\/p>\n<p>\u201cNos hemos dedicado a encontrarle una fuente a esos recursos (..) por lo pronto tratamos de adecuarnos a las pol\u00edticas nacionales de organizar redes integrales de servicios que nos permitan hacer una mejor utilizaci\u00f3n de la capacidad que tenemos disponible y que no se usa de la forma correcta\u201d.<\/p>\n<p>El Departamento del Valle del Cauca prev\u00e9 asumir de forma directa la compra de los medicamentos m\u00e1s costosos y que no est\u00e1n incluidos en el sistema de salud que aborda el c\u00e1ncer.<\/p>\n<p>\u201cOjal\u00e1 que en la negociaci\u00f3n logremos un mejor precio, pero sobre todo la tranquilidad de contar con las medicinas que podr\u00edan garantizar la diferencia en su expectativa de vida\u201d.<\/p>\n<p>Lesmes aclara que Cali apuesta a disminuir la mortalidad por c\u00e1ncer, pero no la presencia de esta patolog\u00eda, de la que no se conoce con precisi\u00f3n el origen.<\/p>\n<p>Por eso, se apuesta al diagn\u00f3stico temprano que posibilita una cura si se lo aborda en las 2 primeras fases.<\/p>\n<p>Sin embargo, se complica cuando el dictamen de la enfermedad llega tarde y a un costo mayor, mientras que la posibilidad de supervivencia es mucho menor.<\/p>\n<p>El \u00fanico c\u00e1ncer que tiene vacuna de prevenci\u00f3n es el de cuello uterino, pero la funcionaria precis\u00f3 que en ese aspecto hay una lucha contra el movimiento antinmunizaciones que ha imposibilitado que todas las ni\u00f1as colombianas accedan a esta terapia.<\/p>\n<p>Para Ramiro Guerrero, director de investigaci\u00f3n en salud de la Universidad Icesi de Colombia, el problema no es la cantidad de recursos que se destinen al c\u00e1ncer, sino la disponibilidad, calidad, entrenamiento y coordinaci\u00f3n de los recursos humanos y la compra inteligente de la tecnolog\u00eda.<\/p>\n<\/div>\n","protected":false},"excerpt":{"rendered":"<p>Agencia de Noticias Univalle En la Universidad del Valle se guardan los registros m\u00e1s completos de los casos de c\u00e1ncer ubicados en Cali en los \u00faltimos 40 a\u00f1os. Tomado del diario ecuatoriano\u00a0El Tel\u00e9grafo En la ciudad colombiana, que es parte del Valle del Cauca, existe la base de datos oncol\u00f3gicos[&#8230;]<\/p>\n","protected":false},"author":1,"featured_media":20378,"comment_status":"open","ping_status":"open","sticky":false,"template":"","format":"standard","meta":{"footnotes":""},"categories":[4],"tags":[],"_links":{"self":[{"href":"https:\/\/emisora.univalle.edu.co\/index.php\/wp-json\/wp\/v2\/posts\/20377"}],"collection":[{"href":"https:\/\/emisora.univalle.edu.co\/index.php\/wp-json\/wp\/v2\/posts"}],"about":[{"href":"https:\/\/emisora.univalle.edu.co\/index.php\/wp-json\/wp\/v2\/types\/post"}],"author":[{"embeddable":true,"href":"https:\/\/emisora.univalle.edu.co\/index.php\/wp-json\/wp\/v2\/users\/1"}],"replies":[{"embeddable":true,"href":"https:\/\/emisora.univalle.edu.co\/index.php\/wp-json\/wp\/v2\/comments?post=20377"}],"version-history":[{"count":1,"href":"https:\/\/emisora.univalle.edu.co\/index.php\/wp-json\/wp\/v2\/posts\/20377\/revisions"}],"predecessor-version":[{"id":20379,"href":"https:\/\/emisora.univalle.edu.co\/index.php\/wp-json\/wp\/v2\/posts\/20377\/revisions\/20379"}],"wp:featuredmedia":[{"embeddable":true,"href":"https:\/\/emisora.univalle.edu.co\/index.php\/wp-json\/wp\/v2\/media\/20378"}],"wp:attachment":[{"href":"https:\/\/emisora.univalle.edu.co\/index.php\/wp-json\/wp\/v2\/media?parent=20377"}],"wp:term":[{"taxonomy":"category","embeddable":true,"href":"https:\/\/emisora.univalle.edu.co\/index.php\/wp-json\/wp\/v2\/categories?post=20377"},{"taxonomy":"post_tag","embeddable":true,"href":"https:\/\/emisora.univalle.edu.co\/index.php\/wp-json\/wp\/v2\/tags?post=20377"}],"curies":[{"name":"wp","href":"https:\/\/api.w.org\/{rel}","templated":true}]}}