{"id":20380,"date":"2018-07-16T17:20:20","date_gmt":"2018-07-16T22:20:20","guid":{"rendered":"https:\/\/emisora.univalle.edu.co\/?p=20380"},"modified":"2018-07-16T17:20:20","modified_gmt":"2018-07-16T22:20:20","slug":"impactos-en-salud-del-cambio-climatico","status":"publish","type":"post","link":"https:\/\/emisora.univalle.edu.co\/index.php\/impactos-en-salud-del-cambio-climatico\/","title":{"rendered":"Impactos en Salud del Cambio Clim\u00e1tico"},"content":{"rendered":"<p>La Escuela de Salud P\u00fablica de la Facultad de Salud de la Universidad del Valle abri\u00f3 inscripciones para la Escuela Internacional de Verano \u201cImpactos en Salud del Cambio Clim\u00e1tico: Estrategias de Adaptaci\u00f3n\u201d.<\/p>\n<p>Esta escuela se realizar\u00e1 del 11 al 15 de agosto, con una intensidad horaria de 40 horas: 20 presenciales y 20 de trabajo independiente.<\/p>\n<p>En este curso se dar\u00e1n a conocer los modelos de evaluaci\u00f3n de vulnerabilidad, riesgo y resiliencia al cambio clim\u00e1tico; se analizar\u00e1n las barreras para la implementaci\u00f3n de estrategias de adaptaci\u00f3n al cambio clim\u00e1tico, en el contexto de los impactos en salud, as\u00ed mismo, se identificar\u00e1n estrategias que faciliten la implementaci\u00f3n de acciones de adaptaci\u00f3n.<\/p>\n<p>Est\u00e1 dirigido a estudiantes de posgrado vinculados a grupos de investigaci\u00f3n registrados por la Universidad del Valle, funcionarios p\u00fablicos encargados de planes de adaptaci\u00f3n al cambio clim\u00e1tico en el componente de salud p\u00fablica, profesionales y estudiantes de pregrado interesados en el tema.<\/p>\n<p>Entre los profesores invitados se encuentran Jonathan Patz, director del Global Health Institute de la Universidad de Wisconsin-Madison (Estados Unidos); Horacio Riojas, director de Salud Ambiental en el Centro de Investigaci\u00f3n en Salud Poblacional-INSP (M\u00e9xico) y Andrea Lampis, licenciado en Sociolog\u00eda de la Universidad de Roma \u201cLa Sapienza\u201d, profesor del Departamento de Sociolog\u00eda de la Universidad Nacional de Colombia, entre otros.<\/p>\n<p><strong>Informes:<\/strong>\u00a0Oficina de Extensi\u00f3n y Proyecci\u00f3n Social, Escuela de Salud P\u00fablica<\/p>\n<p><a href=\"mailto:extension.saludpublica@correounivalle.edu.co\">extension.saludpublica@correounivalle.edu.co<\/a><\/p>\n<p>Tel\u00e9fono: (57 2 ) 3212100 Ext. 7160 &#8211; (57 2 )5542476 Ext 109<\/p>\n<p><a href=\"https:\/\/goo.gl\/6XU9uK\" target=\"_blank\" rel=\"noopener\">Formulario de inscripci\u00f3n<\/a><\/p>\n<p>M\u00e1s informaci\u00f3n\u00a0<a href=\"https:\/\/drive.google.com\/open?id=0B7dKVO0ahyE3YUlPaTJkX2FPQ3JGVWZlbUNUclFuaC1fdnVJ\" target=\"_blank\" rel=\"noopener\">en este enlace<\/a><\/p>\n","protected":false},"excerpt":{"rendered":"<p>La Escuela de Salud P\u00fablica de la Facultad de Salud de la Universidad del Valle abri\u00f3 inscripciones para la Escuela Internacional de Verano \u201cImpactos en Salud del Cambio Clim\u00e1tico: Estrategias de Adaptaci\u00f3n\u201d. Esta escuela se realizar\u00e1 del 11 al 15 de agosto, con una intensidad horaria de 40 horas: 20[&#8230;]<\/p>\n","protected":false},"author":1,"featured_media":20381,"comment_status":"open","ping_status":"open","sticky":false,"template":"","format":"standard","meta":{"footnotes":""},"categories":[4],"tags":[],"_links":{"self":[{"href":"https:\/\/emisora.univalle.edu.co\/index.php\/wp-json\/wp\/v2\/posts\/20380"}],"collection":[{"href":"https:\/\/emisora.univalle.edu.co\/index.php\/wp-json\/wp\/v2\/posts"}],"about":[{"href":"https:\/\/emisora.univalle.edu.co\/index.php\/wp-json\/wp\/v2\/types\/post"}],"author":[{"embeddable":true,"href":"https:\/\/emisora.univalle.edu.co\/index.php\/wp-json\/wp\/v2\/users\/1"}],"replies":[{"embeddable":true,"href":"https:\/\/emisora.univalle.edu.co\/index.php\/wp-json\/wp\/v2\/comments?post=20380"}],"version-history":[{"count":1,"href":"https:\/\/emisora.univalle.edu.co\/index.php\/wp-json\/wp\/v2\/posts\/20380\/revisions"}],"predecessor-version":[{"id":20382,"href":"https:\/\/emisora.univalle.edu.co\/index.php\/wp-json\/wp\/v2\/posts\/20380\/revisions\/20382"}],"wp:featuredmedia":[{"embeddable":true,"href":"https:\/\/emisora.univalle.edu.co\/index.php\/wp-json\/wp\/v2\/media\/20381"}],"wp:attachment":[{"href":"https:\/\/emisora.univalle.edu.co\/index.php\/wp-json\/wp\/v2\/media?parent=20380"}],"wp:term":[{"taxonomy":"category","embeddable":true,"href":"https:\/\/emisora.univalle.edu.co\/index.php\/wp-json\/wp\/v2\/categories?post=20380"},{"taxonomy":"post_tag","embeddable":true,"href":"https:\/\/emisora.univalle.edu.co\/index.php\/wp-json\/wp\/v2\/tags?post=20380"}],"curies":[{"name":"wp","href":"https:\/\/api.w.org\/{rel}","templated":true}]}}