{"id":20403,"date":"2018-07-24T14:50:02","date_gmt":"2018-07-24T19:50:02","guid":{"rendered":"https:\/\/emisora.univalle.edu.co\/?p=20403"},"modified":"2018-07-24T14:50:02","modified_gmt":"2018-07-24T19:50:02","slug":"ritual-y-carnaval","status":"publish","type":"post","link":"https:\/\/emisora.univalle.edu.co\/index.php\/ritual-y-carnaval\/","title":{"rendered":"Ritual y carnaval"},"content":{"rendered":"<p><span class=\"authorPost\">Agencia de Noticias Univalle<\/span><\/p>\n<div class=\"itemFullText\">\n<p>\u201cRitual y carnaval. Sincretismo en el Carnaval de Barranquilla\u201d es uno de los m\u00e1s recientes libros del Programa Editorial de la Universidad del Valle.<\/p>\n<p>Este libro, de autor\u00eda de Javier Mojica Madera, docente del Departamento de Artes Esc\u00e9nicas, es resultado de una investigaci\u00f3n que retrat\u00f3 ic\u00f3nicos personajes de este tradicional evento colombiano que se realiza cada a\u00f1o e invita a entrar en una fiesta de razas, culturas y saberes ancestrales, una mixtura que relata la belleza atesorada en nuestra historia de mestizaje. Expone una mirada al proceso investigativo que concibe el ritual en este carnaval.<\/p>\n<p>El Carnaval de Barranquilla fue reconocido como \u201cPatrimonio Cultural de la Naci\u00f3n\u201d por el Congreso de Colombia en 2001 y como \u201cObra Maestra del Patrimonio Oral e Intangible de la Humanidad\u201d por la Unesco en 2003; es considerado como el evento folcl\u00f3rico y cultural m\u00e1s importante de la Regi\u00f3n Caribe Colombiana y como el segundo carnaval m\u00e1s grande del mundo. Los primeros registros sobre el carnaval de Barranquilla datan del siglo XIX.<\/p>\n<p>Este carnaval es una de las expresiones de mayor riqueza cultural y est\u00e9tica. Las fiestas populares han sido un crisol para el mestizaje. Adem\u00e1s, es la expresi\u00f3n de una colectividad. Cantos, cumbiambas, bailes y disfraces exaltan el j\u00fabilo, actitudes e identificaci\u00f3n m\u00edtica que trascienden la vida cotidiana de cada persona que se disfraza y participa.<\/p>\n<p>A trav\u00e9s de las fotograf\u00edas y de los textos cr\u00edticos que componen esta publicaci\u00f3n, el profesor Javier Mojica devela desde su interior los semblantes rituales del Carnaval de Barranquilla, mezcla de rostro y vestigio, que evidencian las circunstancias culturales que convergen en el territorio, instituyendo una caracter\u00edstica particular que sintetiza la condici\u00f3n del hombre caribe.<\/p>\n<p>El profesor Javier Mujica Madera es egresado de artes pl\u00e1sticas del Instituto Departamental de Bellas Artes, Mag\u00edster en artes visuales de la Aniversidad Aut\u00f3noma de M\u00e9xico y Doctor (Ph.D.) en artes pl\u00e1sticas de la Universidad Polit\u00e9cnica de Valencia en Espa\u00f1a.<\/p>\n<\/div>\n","protected":false},"excerpt":{"rendered":"<p>Agencia de Noticias Univalle \u201cRitual y carnaval. Sincretismo en el Carnaval de Barranquilla\u201d es uno de los m\u00e1s recientes libros del Programa Editorial de la Universidad del Valle. Este libro, de autor\u00eda de Javier Mojica Madera, docente del Departamento de Artes Esc\u00e9nicas, es resultado de una investigaci\u00f3n que retrat\u00f3 ic\u00f3nicos[&#8230;]<\/p>\n","protected":false},"author":1,"featured_media":20404,"comment_status":"open","ping_status":"open","sticky":false,"template":"","format":"standard","meta":{"footnotes":""},"categories":[4],"tags":[],"_links":{"self":[{"href":"https:\/\/emisora.univalle.edu.co\/index.php\/wp-json\/wp\/v2\/posts\/20403"}],"collection":[{"href":"https:\/\/emisora.univalle.edu.co\/index.php\/wp-json\/wp\/v2\/posts"}],"about":[{"href":"https:\/\/emisora.univalle.edu.co\/index.php\/wp-json\/wp\/v2\/types\/post"}],"author":[{"embeddable":true,"href":"https:\/\/emisora.univalle.edu.co\/index.php\/wp-json\/wp\/v2\/users\/1"}],"replies":[{"embeddable":true,"href":"https:\/\/emisora.univalle.edu.co\/index.php\/wp-json\/wp\/v2\/comments?post=20403"}],"version-history":[{"count":1,"href":"https:\/\/emisora.univalle.edu.co\/index.php\/wp-json\/wp\/v2\/posts\/20403\/revisions"}],"predecessor-version":[{"id":20405,"href":"https:\/\/emisora.univalle.edu.co\/index.php\/wp-json\/wp\/v2\/posts\/20403\/revisions\/20405"}],"wp:featuredmedia":[{"embeddable":true,"href":"https:\/\/emisora.univalle.edu.co\/index.php\/wp-json\/wp\/v2\/media\/20404"}],"wp:attachment":[{"href":"https:\/\/emisora.univalle.edu.co\/index.php\/wp-json\/wp\/v2\/media?parent=20403"}],"wp:term":[{"taxonomy":"category","embeddable":true,"href":"https:\/\/emisora.univalle.edu.co\/index.php\/wp-json\/wp\/v2\/categories?post=20403"},{"taxonomy":"post_tag","embeddable":true,"href":"https:\/\/emisora.univalle.edu.co\/index.php\/wp-json\/wp\/v2\/tags?post=20403"}],"curies":[{"name":"wp","href":"https:\/\/api.w.org\/{rel}","templated":true}]}}