{"id":20406,"date":"2018-07-24T14:51:51","date_gmt":"2018-07-24T19:51:51","guid":{"rendered":"https:\/\/emisora.univalle.edu.co\/?p=20406"},"modified":"2018-07-24T14:51:51","modified_gmt":"2018-07-24T19:51:51","slug":"foro-posconflicto-y-salud-mental","status":"publish","type":"post","link":"https:\/\/emisora.univalle.edu.co\/index.php\/foro-posconflicto-y-salud-mental\/","title":{"rendered":"Foro &#8216;Posconflicto y salud mental&#8217;"},"content":{"rendered":"<p><span class=\"authorPost\">Agencia de Noticias Univalle<\/span><\/p>\n<div class=\"itemFullText\">\n<p>Los docentes Mar\u00eda Adelaida Arboleda del Departamento de Psiquiatr\u00eda y Manuel Alejandro Moreno de la Escuela de Trabajo Social y Desarrollo Humano de la Universidad del Valle estar\u00e1n como panelistas del \u201cForo Postconflicto y salud mental. Entre ideales, invenciones y contingencias\u201d.<\/p>\n<p>Esta actividad se realizar\u00e1 este jueves 26 de julio, a las 4:30 pm, en el Hospital Departamental Psiqui\u00e1trico del Valle. La entrada es libre.<\/p>\n<p>Dado el momento pol\u00edtico y social de Colombia denominado como posconflicto, el inter\u00e9s es contribuir a un di\u00e1logo sobre los desaf\u00edos que plantea en materia de salud mental. Se busca conocer y compartir experiencias en torno a los s\u00edntomas que quedan como secuelas de la violencia armada colombiana y sus posibles modos de ser alojados y tramitados. Tambi\u00e9n se busca el acercamiento a los modos de arreglos que encuentran los profesionales que trabajan en estos contextos para contribuir a los desaf\u00edos de su ejercicio profesional.<\/p>\n<p>El invitado internacional es Sergio Lala, docente de la Universidad Federal de Minas de Gerais (Brasil), miembro de la Asociaci\u00f3n Mundial de Psicoan\u00e1lisis y de la Escuela Brasilera de Psicoan\u00e1lisis.<\/p>\n<p>Tambi\u00e9n participar\u00e1n como panelistas Omar Alejandro Bravo, director de la Maestr\u00eda en Intervenci\u00f3n Psicosocial y Ximena Castro, directora acad\u00e9mica del Centro de Atenci\u00f3n Psicosocial de la Universidad Icesi.<\/p>\n<p>Este foro es organizo por la Nueva Escuela Lacaniana de Cali, el Hospital Departamental Psiqui\u00e1trico Universitario del Valle, la Universidad Icesi y la Universidad del Valle.<\/p>\n<\/div>\n","protected":false},"excerpt":{"rendered":"<p>Agencia de Noticias Univalle Los docentes Mar\u00eda Adelaida Arboleda del Departamento de Psiquiatr\u00eda y Manuel Alejandro Moreno de la Escuela de Trabajo Social y Desarrollo Humano de la Universidad del Valle estar\u00e1n como panelistas del \u201cForo Postconflicto y salud mental. Entre ideales, invenciones y contingencias\u201d. Esta actividad se realizar\u00e1 este[&#8230;]<\/p>\n","protected":false},"author":1,"featured_media":20407,"comment_status":"open","ping_status":"open","sticky":false,"template":"","format":"standard","meta":{"footnotes":""},"categories":[4],"tags":[],"_links":{"self":[{"href":"https:\/\/emisora.univalle.edu.co\/index.php\/wp-json\/wp\/v2\/posts\/20406"}],"collection":[{"href":"https:\/\/emisora.univalle.edu.co\/index.php\/wp-json\/wp\/v2\/posts"}],"about":[{"href":"https:\/\/emisora.univalle.edu.co\/index.php\/wp-json\/wp\/v2\/types\/post"}],"author":[{"embeddable":true,"href":"https:\/\/emisora.univalle.edu.co\/index.php\/wp-json\/wp\/v2\/users\/1"}],"replies":[{"embeddable":true,"href":"https:\/\/emisora.univalle.edu.co\/index.php\/wp-json\/wp\/v2\/comments?post=20406"}],"version-history":[{"count":1,"href":"https:\/\/emisora.univalle.edu.co\/index.php\/wp-json\/wp\/v2\/posts\/20406\/revisions"}],"predecessor-version":[{"id":20408,"href":"https:\/\/emisora.univalle.edu.co\/index.php\/wp-json\/wp\/v2\/posts\/20406\/revisions\/20408"}],"wp:featuredmedia":[{"embeddable":true,"href":"https:\/\/emisora.univalle.edu.co\/index.php\/wp-json\/wp\/v2\/media\/20407"}],"wp:attachment":[{"href":"https:\/\/emisora.univalle.edu.co\/index.php\/wp-json\/wp\/v2\/media?parent=20406"}],"wp:term":[{"taxonomy":"category","embeddable":true,"href":"https:\/\/emisora.univalle.edu.co\/index.php\/wp-json\/wp\/v2\/categories?post=20406"},{"taxonomy":"post_tag","embeddable":true,"href":"https:\/\/emisora.univalle.edu.co\/index.php\/wp-json\/wp\/v2\/tags?post=20406"}],"curies":[{"name":"wp","href":"https:\/\/api.w.org\/{rel}","templated":true}]}}