{"id":20413,"date":"2018-07-27T15:20:50","date_gmt":"2018-07-27T20:20:50","guid":{"rendered":"https:\/\/emisora.univalle.edu.co\/?p=20413"},"modified":"2018-07-27T15:20:50","modified_gmt":"2018-07-27T20:20:50","slug":"jovenes-ex-integrantes-de-pandillas-mostraran-su-creatividad-a-los-calenos","status":"publish","type":"post","link":"https:\/\/emisora.univalle.edu.co\/index.php\/jovenes-ex-integrantes-de-pandillas-mostraran-su-creatividad-a-los-calenos\/","title":{"rendered":"J\u00f3venes ex integrantes de pandillas mostrar\u00e1n su creatividad a los cale\u00f1os"},"content":{"rendered":"<p><span class=\"authorPost\">Agencia de Noticias Univalle<\/span><\/p>\n<div class=\"itemFullText\">\n<p dir=\"ltr\">Los j\u00f3venes del proyecto TIP J\u00f3venes Sin Fronteras, que adelanta la\u00a0<a href=\"http:\/\/www.cali.gov.co\/\" target=\"_blank\" rel=\"noopener\" data-saferedirecturl=\"https:\/\/www.google.com\/url?hl=es&amp;q=http:\/\/www.cali.gov.co\/&amp;source=gmail&amp;ust=1532703962620000&amp;usg=AFQjCNEidTBXhiC9mMgFgIpSvCIGMwqb1w\">Alcald\u00eda de Santiago de Cali<\/a>, a trav\u00e9s de la\u00a0<a href=\"http:\/\/www.cali.gov.co\/seguridad\/\" target=\"_blank\" rel=\"noopener\" data-saferedirecturl=\"https:\/\/www.google.com\/url?hl=es&amp;q=http:\/\/www.cali.gov.co\/seguridad\/&amp;source=gmail&amp;ust=1532703962620000&amp;usg=AFQjCNFOzq5cATtRax9tVzDDj-836_0Dxg\">Secretar\u00eda de Seguridad y Justicia<\/a>, y ejecutado en conjunto por la\u00a0<a href=\"https:\/\/www.policia.gov.co\/cali\" target=\"_blank\" rel=\"noopener\" data-saferedirecturl=\"https:\/\/www.google.com\/url?hl=es&amp;q=https:\/\/www.policia.gov.co\/cali&amp;source=gmail&amp;ust=1532703962620000&amp;usg=AFQjCNEz2j2uxDmlUbFeiSEhDjgedkXB3g\">Polic\u00eda Metropolitana de Cali<\/a>\u00a0y el Instituto Cisalva de la\u00a0<a href=\"http:\/\/www.univalle.edu.co\/\" target=\"_blank\" rel=\"noopener\" data-saferedirecturl=\"https:\/\/www.google.com\/url?hl=es&amp;q=http:\/\/www.univalle.edu.co\/&amp;source=gmail&amp;ust=1532703962620000&amp;usg=AFQjCNGBaBThgJIg3iMh96ciWdRAxflkhg\">Universidad del Valle<\/a>. llevar\u00e1n a cabo la exposici\u00f3n art\u00edstica \u201cMemorias del conflicto urbano\u201d, esta tarde en la Plazoleta Jairo Varela.<\/p>\n<p dir=\"ltr\">Las obras que se exhibir\u00e1n en la tarde de este jueves han sido desarrolladas en el marco de los procesos de acompa\u00f1amiento a los j\u00f3venes del proyecto, realizados entre educadores para la vida, enlaces comunitarios y gestores de paz de la\u00a0<a href=\"https:\/\/www.policia.gov.co\/cali\" target=\"_blank\" rel=\"noopener\" data-saferedirecturl=\"https:\/\/www.google.com\/url?hl=es&amp;q=https:\/\/www.policia.gov.co\/cali&amp;source=gmail&amp;ust=1532703962620000&amp;usg=AFQjCNEz2j2uxDmlUbFeiSEhDjgedkXB3g\">Polic\u00eda Metropolitana<\/a>.<\/p>\n<p dir=\"ltr\">La exposici\u00f3n, que re\u00fane un archivo de las expresiones art\u00edsticas derivadas del proyecto\u00a0<a href=\"https:\/\/drive.google.com\/file\/d\/0B3KS90TWnk1mU0tJSVVLdjJ1VzA\/view\" target=\"_blank\" rel=\"noopener\" data-saferedirecturl=\"https:\/\/www.google.com\/url?hl=es&amp;q=https:\/\/drive.google.com\/file\/d\/0B3KS90TWnk1mU0tJSVVLdjJ1VzA\/view&amp;source=gmail&amp;ust=1532703962620000&amp;usg=AFQjCNGisNCxGAOTNwF4hvP94WVDSCy8oA\">TIP J\u00f3venes Sin Fronteras<\/a>, incluye desde las memorias del proyecto, registradas por los propios j\u00f3venes, y objetos que han elaborado de manera artesanal, hasta actos art\u00edsticos constituidos y estimulados durante este proceso de atenci\u00f3n integral, como el que realizar\u00e1 el grupo Grujuco LTT de la Comuna 15, cuyos integrantes sol\u00edan pertenecer a una pandilla conocida como \u201cLos Totiaos\u201d y que ahora conforman un exitoso grupo de danza urbana que ha recorrido distintos escenarios de esta ciudad, convirti\u00e9ndose en ejemplo para muchos otros j\u00f3venes.<\/p>\n<p dir=\"ltr\">El evento iniciar\u00e1 con obsequios de parte de los j\u00f3venes del proyecto para el p\u00fablico, pues los asistentes que lleven una camiseta podr\u00e1n obtener un estampado hecho por ellos. Adem\u00e1s de la presentaci\u00f3n de Grujuco LTT, los int\u00e9rpretes de m\u00fasica urbana Koko y Deiby Flow, de la Comuna 21, tambi\u00e9n amenizar\u00e1n la tarde con sus rimas.\u00a0 La programaci\u00f3n finalizar\u00e1 con una clase abierta de zumba, a cargo de uno de los beneficiarios de TIP J\u00f3venes Sin Fronteras, en la que se espera poner a bailar a los cale\u00f1os que visiten la exposici\u00f3n.<\/p>\n<p dir=\"ltr\">Esta muestra ser\u00e1 la primera que se llevar\u00e1 a cabo en la ciudad, pues TIP J\u00f3venes Sin Fronteras planea seguir visibilizando las diferentes expresiones art\u00edsticas de estos muchachos a trav\u00e9s de un museo ambulante que recorrer\u00e1 los distintos espacios culturales de Cali, con el fin de mostrar a la ciudadan\u00eda los trabajos art\u00edsticos que evidencian los procesos de resiliencia y transformaci\u00f3n en la vida de estos j\u00f3venes y sus entornos. La curadur\u00eda y producci\u00f3n de \u00e9sta exposici\u00f3n ha estado a cargo de la Coordinaci\u00f3n del Componente de Deporte, Recreaci\u00f3n y Cultura del proyecto.<\/p>\n<p>&nbsp;<\/p>\n<p dir=\"ltr\">Fecha: Jueves, 26 de julio de 2018.<\/p>\n<p dir=\"ltr\">Hora: De 4:00 a 8:00 p.m.<\/p>\n<p dir=\"ltr\">Lugar:\u00a0<a href=\"https:\/\/www.google.com.co\/maps\/place\/Plazoleta+Jairo+Varela\/@3.4549914,-76.5346305,15z\/data=!4m5!3m4!1s0x0:0x1cf0a8acb3059b8c!8m2!3d3.4549914!4d-76.5346305\" target=\"_blank\" rel=\"noopener\" data-saferedirecturl=\"https:\/\/www.google.com\/url?hl=es&amp;q=https:\/\/www.google.com.co\/maps\/place\/Plazoleta%2BJairo%2BVarela\/@3.4549914,-76.5346305,15z\/data%3D!4m5!3m4!1s0x0:0x1cf0a8acb3059b8c!8m2!3d3.4549914!4d-76.5346305&amp;source=gmail&amp;ust=1532703962621000&amp;usg=AFQjCNE7VrgcDAG9QtOwi39428jvwdKYCg\">Plazoleta Jairo Varela<\/a>.\u00a0\u00a0<a href=\"https:\/\/maps.google.com\/?q=Avenida+2+Nte+%23+10&amp;entry=gmail&amp;source=g\">Avenida 2 Nte # 10<\/a>\u00a0Nte &#8211; 1.<\/p>\n<\/div>\n","protected":false},"excerpt":{"rendered":"<p>Agencia de Noticias Univalle Los j\u00f3venes del proyecto TIP J\u00f3venes Sin Fronteras, que adelanta la\u00a0Alcald\u00eda de Santiago de Cali, a trav\u00e9s de la\u00a0Secretar\u00eda de Seguridad y Justicia, y ejecutado en conjunto por la\u00a0Polic\u00eda Metropolitana de Cali\u00a0y el Instituto Cisalva de la\u00a0Universidad del Valle. llevar\u00e1n a cabo la exposici\u00f3n art\u00edstica \u201cMemorias[&#8230;]<\/p>\n","protected":false},"author":1,"featured_media":20414,"comment_status":"open","ping_status":"open","sticky":false,"template":"","format":"standard","meta":{"footnotes":""},"categories":[4],"tags":[],"_links":{"self":[{"href":"https:\/\/emisora.univalle.edu.co\/index.php\/wp-json\/wp\/v2\/posts\/20413"}],"collection":[{"href":"https:\/\/emisora.univalle.edu.co\/index.php\/wp-json\/wp\/v2\/posts"}],"about":[{"href":"https:\/\/emisora.univalle.edu.co\/index.php\/wp-json\/wp\/v2\/types\/post"}],"author":[{"embeddable":true,"href":"https:\/\/emisora.univalle.edu.co\/index.php\/wp-json\/wp\/v2\/users\/1"}],"replies":[{"embeddable":true,"href":"https:\/\/emisora.univalle.edu.co\/index.php\/wp-json\/wp\/v2\/comments?post=20413"}],"version-history":[{"count":1,"href":"https:\/\/emisora.univalle.edu.co\/index.php\/wp-json\/wp\/v2\/posts\/20413\/revisions"}],"predecessor-version":[{"id":20415,"href":"https:\/\/emisora.univalle.edu.co\/index.php\/wp-json\/wp\/v2\/posts\/20413\/revisions\/20415"}],"wp:featuredmedia":[{"embeddable":true,"href":"https:\/\/emisora.univalle.edu.co\/index.php\/wp-json\/wp\/v2\/media\/20414"}],"wp:attachment":[{"href":"https:\/\/emisora.univalle.edu.co\/index.php\/wp-json\/wp\/v2\/media?parent=20413"}],"wp:term":[{"taxonomy":"category","embeddable":true,"href":"https:\/\/emisora.univalle.edu.co\/index.php\/wp-json\/wp\/v2\/categories?post=20413"},{"taxonomy":"post_tag","embeddable":true,"href":"https:\/\/emisora.univalle.edu.co\/index.php\/wp-json\/wp\/v2\/tags?post=20413"}],"curies":[{"name":"wp","href":"https:\/\/api.w.org\/{rel}","templated":true}]}}