{"id":20440,"date":"2018-08-08T17:54:32","date_gmt":"2018-08-08T22:54:32","guid":{"rendered":"https:\/\/emisora.univalle.edu.co\/?p=20440"},"modified":"2018-08-08T17:54:32","modified_gmt":"2018-08-08T22:54:32","slug":"fisicos-reunidos-en-la-i-escuela-de-verano-en-optica-y-fotonica","status":"publish","type":"post","link":"https:\/\/emisora.univalle.edu.co\/index.php\/fisicos-reunidos-en-la-i-escuela-de-verano-en-optica-y-fotonica\/","title":{"rendered":"F\u00edsicos reunidos en la I Escuela de Verano en \u00d3ptica y Fot\u00f3nica"},"content":{"rendered":"<p><span class=\"authorPost\">Agencia de Noticias Univalle<\/span><\/p>\n<div class=\"itemFullText\">\n<p>Entre el 16 y 19 de julio se realiz\u00f3 la I Escuela de Verano en \u00d3ptica y Fot\u00f3nica, cuyo tema principal fue la \u00d3ptica No Lineal y sus aplicaciones en Biofot\u00f3nica.<\/p>\n<p>La Escuela se realiz\u00f3 en durante cuatro d\u00edas de jornada completa y tuvo dentro de su programaci\u00f3n 12 conferencias, 3 cursos ampliados, 1 sesi\u00f3n de posters y un seminario de LIDAR (evento previo a la Escuela, realizado entre el 11 y 14 de julio). Cont\u00f3 con la presencia de seis conferencistas provenientes de Italia, Estados Unidos, Suecia y Espa\u00f1a.<\/p>\n<p>En esta primera versi\u00f3n, la Escuela cumpli\u00f3 con su objetivo de promover la participaci\u00f3n de la comunidad nacional y regional: asistieron 44 personas entre estudiantes, docentes e investigadores de las Universidad de los Andes, la Universidad Tecnol\u00f3gica de Pereira, La Universidad del Quind\u00edo, la Universidad Aut\u00f3noma de Occidente, la Pontificia Universidad Javeriana de Cali y la Universidad del Valle.<\/p>\n<p>Bryan Ram\u00edrez, estudiante de sexto semestre de F\u00edsica, de la Universidad del Quind\u00edo resalt\u00f3 la presencia de importantes investigadores en este campo: \u201clas investigaciones que ellos han hecho y las aplicaciones a las que se prestan esas investigaciones fueron algo a destacar en esta Escuela\u201d.<\/p>\n<p>A su vez, el Doctor Pablo Loza-\u00c1lvarez, investigador del Instituto de Ciencias Fot\u00f3nicas, de Espa\u00f1a, y quien asisti\u00f3 a la Escuela como conferencista, mencion\u00f3 que si bien las discusiones fueron \u201camplias y variadas\u201d, fue importante para los estudiantes estar en contacto con todos los temas posibles para ampliar su conocimiento y expandir la visi\u00f3n de la investigaci\u00f3n: \u201cLa escuela estuvo incre\u00edble, hemos tenido una colecci\u00f3n de temas aparentemente desconectados pero que realmente se complementan entre ellos\u201d.<\/p>\n<p>La I Escuela de Verano en \u00d3ptica y Fot\u00f3nica es un evento de car\u00e1cter bienal que busca contribuir al proceso de formaci\u00f3n avanzada y continua de j\u00f3venes cient\u00edficos que desarrollen o utilicen la \u00d3ptica y la Fot\u00f3nica, estimulando el desarrollo de la investigaci\u00f3n en \u00d3ptica y Fot\u00f3nica en la regi\u00f3n, abriendo un espacio de comunicaci\u00f3n y formaci\u00f3n permanente, estableciendo lazos de cooperaci\u00f3n cient\u00edfica entre los pa\u00edses de la regi\u00f3n y aquellos que tienen un desarrollo m\u00e1s avanzado en estos campos de investigaci\u00f3n.<\/p>\n<p>La I Escuela de Verano en \u00d3ptica y Fot\u00f3nica se realiz\u00f3 con el apoyo de la Vicerrector\u00eda de Investigaciones de la Universidad del Valle y la Sociedad Internacional de \u00d3ptica y Fot\u00f3nica (SPIE), cont\u00f3 con la aprobaci\u00f3n como actividad propia de la Sociedad Red Colombiana de \u00d3ptica (RCO) y de la Red de Sociedades de \u00d3ptica y Fot\u00f3nica de Ibero-Am\u00e9rica (SOFIA-RIAO). El apoyo econ\u00f3mico de la Universidad del Valle y la SPIE, fue acompa\u00f1ado por el brindado por las Universidades del Quind\u00edo, Tecnol\u00f3gica de Pereira, Aut\u00f3noma de Occidente y Pontificia Javeriana de Cali, para financiar a sus estudiantes y profesores. Acad\u00e9micamente esta Escuela cont\u00f3 con el apoyo de las universidades de Lund, North Carolina y Southern Illinois University &#8211; Edwardsville, y los institutos de investigaci\u00f3n: ICFO, CREOL y el Centro Enrico Fermi.<\/p>\n<\/div>\n","protected":false},"excerpt":{"rendered":"<p>Agencia de Noticias Univalle Entre el 16 y 19 de julio se realiz\u00f3 la I Escuela de Verano en \u00d3ptica y Fot\u00f3nica, cuyo tema principal fue la \u00d3ptica No Lineal y sus aplicaciones en Biofot\u00f3nica. La Escuela se realiz\u00f3 en durante cuatro d\u00edas de jornada completa y tuvo dentro de[&#8230;]<\/p>\n","protected":false},"author":1,"featured_media":20441,"comment_status":"open","ping_status":"open","sticky":false,"template":"","format":"standard","meta":{"footnotes":""},"categories":[4],"tags":[],"_links":{"self":[{"href":"https:\/\/emisora.univalle.edu.co\/index.php\/wp-json\/wp\/v2\/posts\/20440"}],"collection":[{"href":"https:\/\/emisora.univalle.edu.co\/index.php\/wp-json\/wp\/v2\/posts"}],"about":[{"href":"https:\/\/emisora.univalle.edu.co\/index.php\/wp-json\/wp\/v2\/types\/post"}],"author":[{"embeddable":true,"href":"https:\/\/emisora.univalle.edu.co\/index.php\/wp-json\/wp\/v2\/users\/1"}],"replies":[{"embeddable":true,"href":"https:\/\/emisora.univalle.edu.co\/index.php\/wp-json\/wp\/v2\/comments?post=20440"}],"version-history":[{"count":1,"href":"https:\/\/emisora.univalle.edu.co\/index.php\/wp-json\/wp\/v2\/posts\/20440\/revisions"}],"predecessor-version":[{"id":20442,"href":"https:\/\/emisora.univalle.edu.co\/index.php\/wp-json\/wp\/v2\/posts\/20440\/revisions\/20442"}],"wp:featuredmedia":[{"embeddable":true,"href":"https:\/\/emisora.univalle.edu.co\/index.php\/wp-json\/wp\/v2\/media\/20441"}],"wp:attachment":[{"href":"https:\/\/emisora.univalle.edu.co\/index.php\/wp-json\/wp\/v2\/media?parent=20440"}],"wp:term":[{"taxonomy":"category","embeddable":true,"href":"https:\/\/emisora.univalle.edu.co\/index.php\/wp-json\/wp\/v2\/categories?post=20440"},{"taxonomy":"post_tag","embeddable":true,"href":"https:\/\/emisora.univalle.edu.co\/index.php\/wp-json\/wp\/v2\/tags?post=20440"}],"curies":[{"name":"wp","href":"https:\/\/api.w.org\/{rel}","templated":true}]}}