{"id":20443,"date":"2018-08-08T17:55:23","date_gmt":"2018-08-08T22:55:23","guid":{"rendered":"https:\/\/emisora.univalle.edu.co\/?p=20443"},"modified":"2018-08-08T17:55:23","modified_gmt":"2018-08-08T22:55:23","slug":"estudiantes-de-arquitectura-ganan-el-premio-corona-pro-habitat-2018","status":"publish","type":"post","link":"https:\/\/emisora.univalle.edu.co\/index.php\/estudiantes-de-arquitectura-ganan-el-premio-corona-pro-habitat-2018\/","title":{"rendered":"Estudiantes de arquitectura ganan el premio Corona Pro &#8211; H\u00e1bitat 2018"},"content":{"rendered":"<p><span class=\"authorPost\">Agencia de Noticias Univalle<\/span><\/p>\n<div class=\"itemFullText\">\n<p>Con un sistema de vivienda social con desarrollo progresivo a trav\u00e9s de un vecindario vertical, los estudiantes del programa de Arquitectura de la Universidad del Valle Juan Camilo Valencia Arboleda, Luis Fernando Ch\u00e1vez Cuar\u00e1n y Daniel Trujillo Echeverri fueron los ganadores en la categor\u00eda estudiantil del Premio Corona Prohabitat 2018.<\/p>\n<p>A su vez, los estudiantes Ang\u00e9lica Medina, Dolly Z\u00fa\u00f1iga y Juan Esteban Porras fueron finalistas en la misma categor\u00eda y recibieron menci\u00f3n de honor con su proyecto \u201cSemilla &#8211; Sistema de vivienda progresiva y replicable para redensificaci\u00f3n de \u00e1reas pericentrales de Cali\u201d.<\/p>\n<p>En total participaron 28 propuestas de Antioquia, Boyac\u00e1, C\u00f3rdoba, Cundinamarca, Quind\u00edo, Meta, Tolima, Sincelejo, Santander y Valle del Cauca, cuyos criterios de evaluaci\u00f3n se centraron en el dise\u00f1o de una vivienda de inter\u00e9s social con desarrollo progresivo, factible de implementarse en peque\u00f1os o grandes centros urbanos y con costo de construcci\u00f3n inferior a 30 millones de pesos.<\/p>\n<p>El Premio Corona Pro H\u00e1bitat, dirigido a profesionales y estudiantes de arquitectura, dise\u00f1o industrial e ingenier\u00eda, tiene como objetivo ser un gestor de conocimiento al servicio del pa\u00eds que promueve el mejoramiento del h\u00e1bitat popular, la sostenibilidad ambiental y el apoyo al talento colombiano.<\/p>\n<p>En esta versi\u00f3n contaba con dos categor\u00edas, la categor\u00eda Profesional, \u201cVivienda Social Sostenible para Sincelejo\u201d, cuyo primer lugar fue para los arquitectos Carlos Hern\u00e1ndez y Alberto Aranda con el proyecto Bio-casa de Bogot\u00e1; y la categor\u00eda Estudiantil \u201cVivienda Social Urbana con Desarrollo Progresivo\u201d.<\/p>\n<p>El evento de premiaci\u00f3n se realiz\u00f3 el mi\u00e9rcoles 1 de agosto en el Auditorio Arturo G\u00f3mez Jaramillo del Edificio Federaci\u00f3n Nacional de Cafeteros en Bogot\u00e1.<\/p>\n<\/div>\n","protected":false},"excerpt":{"rendered":"<p>Agencia de Noticias Univalle Con un sistema de vivienda social con desarrollo progresivo a trav\u00e9s de un vecindario vertical, los estudiantes del programa de Arquitectura de la Universidad del Valle Juan Camilo Valencia Arboleda, Luis Fernando Ch\u00e1vez Cuar\u00e1n y Daniel Trujillo Echeverri fueron los ganadores en la categor\u00eda estudiantil del[&#8230;]<\/p>\n","protected":false},"author":1,"featured_media":20444,"comment_status":"open","ping_status":"open","sticky":false,"template":"","format":"standard","meta":{"footnotes":""},"categories":[4],"tags":[],"_links":{"self":[{"href":"https:\/\/emisora.univalle.edu.co\/index.php\/wp-json\/wp\/v2\/posts\/20443"}],"collection":[{"href":"https:\/\/emisora.univalle.edu.co\/index.php\/wp-json\/wp\/v2\/posts"}],"about":[{"href":"https:\/\/emisora.univalle.edu.co\/index.php\/wp-json\/wp\/v2\/types\/post"}],"author":[{"embeddable":true,"href":"https:\/\/emisora.univalle.edu.co\/index.php\/wp-json\/wp\/v2\/users\/1"}],"replies":[{"embeddable":true,"href":"https:\/\/emisora.univalle.edu.co\/index.php\/wp-json\/wp\/v2\/comments?post=20443"}],"version-history":[{"count":1,"href":"https:\/\/emisora.univalle.edu.co\/index.php\/wp-json\/wp\/v2\/posts\/20443\/revisions"}],"predecessor-version":[{"id":20445,"href":"https:\/\/emisora.univalle.edu.co\/index.php\/wp-json\/wp\/v2\/posts\/20443\/revisions\/20445"}],"wp:featuredmedia":[{"embeddable":true,"href":"https:\/\/emisora.univalle.edu.co\/index.php\/wp-json\/wp\/v2\/media\/20444"}],"wp:attachment":[{"href":"https:\/\/emisora.univalle.edu.co\/index.php\/wp-json\/wp\/v2\/media?parent=20443"}],"wp:term":[{"taxonomy":"category","embeddable":true,"href":"https:\/\/emisora.univalle.edu.co\/index.php\/wp-json\/wp\/v2\/categories?post=20443"},{"taxonomy":"post_tag","embeddable":true,"href":"https:\/\/emisora.univalle.edu.co\/index.php\/wp-json\/wp\/v2\/tags?post=20443"}],"curies":[{"name":"wp","href":"https:\/\/api.w.org\/{rel}","templated":true}]}}