{"id":20450,"date":"2018-08-13T15:00:08","date_gmt":"2018-08-13T20:00:08","guid":{"rendered":"https:\/\/emisora.univalle.edu.co\/?p=20450"},"modified":"2018-08-13T15:00:08","modified_gmt":"2018-08-13T20:00:08","slug":"ii-semillero-univalle-para-estudiantes-de-bachillerato","status":"publish","type":"post","link":"https:\/\/emisora.univalle.edu.co\/index.php\/ii-semillero-univalle-para-estudiantes-de-bachillerato\/","title":{"rendered":"II Semillero Univalle para estudiantes de bachillerato"},"content":{"rendered":"<p><span class=\"authorPost\">Agencia de Noticias Univalle<\/span><\/p>\n<div class=\"itemFullText\">\n<p>Hasta el viernes 31 de agosto hay plazo para que los estudiantes de bachillerato de grados 6\u00b0 a 11\u00b0 se inscriban en el Semillero Universidad del Valle.<\/p>\n<p>Este es un programa con enfoques pedag\u00f3gicos innovadores y din\u00e1micos, que busca que los estudiantes logren establecer una buena relaci\u00f3n con las ciencias, el pensamiento cr\u00edtico y art\u00edstico de tal forma que puedan proyectar lo acad\u00e9mico en su futuro vivencial.<\/p>\n<p>El Semillero Universidad del Valle es un plan de proyecci\u00f3n social que, adem\u00e1s de servir como refuerzo de la formaci\u00f3n escolar y apoyo para las pruebas de estado, propicia el aprendizaje cooperativo y estimula el trabajo en equipo; los estudiantes reciben atenci\u00f3n directa de los docentes, organizan discusiones grupales, exposiciones, talleres individuales y colectivos; plantean y solucionan juegos y pasatiempos, lecturas recreativas, escritura de textos e interpretaci\u00f3n de instrumentos musicales (percusi\u00f3n y flauta dulce) y, adem\u00e1s, realizan pr\u00e1cticas de laboratorio y actividades de campo dirigidas.<\/p>\n<p><strong>Cursos ofrecidos<\/strong><\/p>\n<p><strong>Matem\u00e1ticas para estudiantes de grado 6\u00b0 y 7\u00b0<\/strong><\/p>\n<p>1. De los Enteros a los Racionales<\/p>\n<p>Matem\u00e1ticas para estudiantes de grado 8\u00b0 &#8211; 11\u00b0<\/p>\n<p>2. L\u00f3gica, Conjuntos y Sistemas Num\u00e9ricos.<\/p>\n<p>3. \u00c1lgebra Fundamental.<\/p>\n<p>4. Geometr\u00eda Plana y del Espacio.<\/p>\n<p>5. Geometr\u00eda anal\u00edtica y Trigonometr\u00eda.<\/p>\n<p>6. Probabilidad y Estad\u00edstica.<\/p>\n<p>7. Funciones y L\u00edmites.<\/p>\n<p><strong>F\u00edsica para estudiantes de grado 10\u00b0 y 11\u00b0<\/strong><\/p>\n<p>1. Energ\u00eda y movimiento.<\/p>\n<p><strong>Qu\u00edmica para estudiantes de grados 10\u00b0 y 11\u00b0<\/strong><\/p>\n<p>1. AGE: \u00e1tomo, gases y estequiometria.<\/p>\n<p>2. ESE: Estequiometr\u00eda II, Soluciones y Equilibrio.<\/p>\n<p>3. BIOQ: Qu\u00edmica Org\u00e1nica y Bioqu\u00edmica I<\/p>\n<p>Biolog\u00eda para estudiantes de grado 8\u00b0 &#8211; 11\u00b0<\/p>\n<p>1. Estudio de los seres vivos y sus procesos vitales<\/p>\n<p><strong>Lenguaje para estudiantes de grado 8\u00b0 &#8211; 11\u00b0<\/strong><\/p>\n<p>1. Escritura creativa<\/p>\n<p><strong>Lenguaje para estudiantes de grado 10\u00b0 y 11\u00b0<\/strong><\/p>\n<p>2. Lectura cr\u00edtica<\/p>\n<p><strong>M\u00fasica para estudiantes de 8\u00b0 y 9\u00b0<\/strong><\/p>\n<p>1. M\u00fasica, Percusi\u00f3n y Flauta Dulce.<\/p>\n<p><strong>Fechas<\/strong><\/p>\n<p>Inscripciones: hasta el 31 de agosto de 2018.<\/p>\n<p>Inicio de clases: 08 de septiembre de 2018.<\/p>\n<p>Horario: s\u00e1bados de 8:00 a.m. a 12:00 m.<\/p>\n<p><strong>Inversi\u00f3n<\/strong><\/p>\n<p>Estudiantes de colegio privado: $450.000 (cuatrocientos cincuenta mil pesos).<\/p>\n<p>Estudiantes de instituciones p\u00fablicas y en cobertura: $215.000 pesos (doscientos quince mil pesos).<\/p>\n<p>Relaci\u00f3n con Univalle: $225.000 pesos (doscientos veinticinco mil pesos).<\/p>\n<p>Los estudiantes reciben material de estudio, refrigerio, carn\u00e9, certificado de asistencia e informe de rendimiento acad\u00e9mico.<\/p>\n<p><strong>Consulte<\/strong><\/p>\n<p>Instructivo de inscripci\u00f3n<\/p>\n<p><strong>Mayores informes<\/strong><\/p>\n<p><a href=\"http:\/\/semillero.univalle.edu.co\/\">http:\/\/semillero.univalle.edu.co<\/a><\/p>\n<p><a href=\"mailto:semillero@correounivalle.edu.co\">semillero@correounivalle.edu.co<\/a><\/p>\n<p>Tel\u00e9fono +57(2) 321 2100 ext. 3098<\/p>\n<p>Universidad del Valle, Mel\u00e9ndez.<\/p>\n<p>Edif. 320, oficina 3037-A2<\/p>\n<\/div>\n","protected":false},"excerpt":{"rendered":"<p>Agencia de Noticias Univalle Hasta el viernes 31 de agosto hay plazo para que los estudiantes de bachillerato de grados 6\u00b0 a 11\u00b0 se inscriban en el Semillero Universidad del Valle. Este es un programa con enfoques pedag\u00f3gicos innovadores y din\u00e1micos, que busca que los estudiantes logren establecer una buena[&#8230;]<\/p>\n","protected":false},"author":1,"featured_media":20451,"comment_status":"open","ping_status":"open","sticky":false,"template":"","format":"standard","meta":{"footnotes":""},"categories":[4],"tags":[],"_links":{"self":[{"href":"https:\/\/emisora.univalle.edu.co\/index.php\/wp-json\/wp\/v2\/posts\/20450"}],"collection":[{"href":"https:\/\/emisora.univalle.edu.co\/index.php\/wp-json\/wp\/v2\/posts"}],"about":[{"href":"https:\/\/emisora.univalle.edu.co\/index.php\/wp-json\/wp\/v2\/types\/post"}],"author":[{"embeddable":true,"href":"https:\/\/emisora.univalle.edu.co\/index.php\/wp-json\/wp\/v2\/users\/1"}],"replies":[{"embeddable":true,"href":"https:\/\/emisora.univalle.edu.co\/index.php\/wp-json\/wp\/v2\/comments?post=20450"}],"version-history":[{"count":1,"href":"https:\/\/emisora.univalle.edu.co\/index.php\/wp-json\/wp\/v2\/posts\/20450\/revisions"}],"predecessor-version":[{"id":20452,"href":"https:\/\/emisora.univalle.edu.co\/index.php\/wp-json\/wp\/v2\/posts\/20450\/revisions\/20452"}],"wp:featuredmedia":[{"embeddable":true,"href":"https:\/\/emisora.univalle.edu.co\/index.php\/wp-json\/wp\/v2\/media\/20451"}],"wp:attachment":[{"href":"https:\/\/emisora.univalle.edu.co\/index.php\/wp-json\/wp\/v2\/media?parent=20450"}],"wp:term":[{"taxonomy":"category","embeddable":true,"href":"https:\/\/emisora.univalle.edu.co\/index.php\/wp-json\/wp\/v2\/categories?post=20450"},{"taxonomy":"post_tag","embeddable":true,"href":"https:\/\/emisora.univalle.edu.co\/index.php\/wp-json\/wp\/v2\/tags?post=20450"}],"curies":[{"name":"wp","href":"https:\/\/api.w.org\/{rel}","templated":true}]}}